{"id":12611,"date":"2017-03-10T11:15:02","date_gmt":"2017-03-10T16:15:02","guid":{"rendered":"http:\/\/www.biblia.work\/noticias\/francisco-agradece-al-predicador-de-los-ejercicios-espirituales-y-le-desea-que-seas-un-buen-fraile\/"},"modified":"2017-03-10T11:15:02","modified_gmt":"2017-03-10T16:15:02","slug":"francisco-agradece-al-predicador-de-los-ejercicios-espirituales-y-le-desea-que-seas-un-buen-fraile","status":"publish","type":"post","link":"https:\/\/www.biblia.work\/noticias\/francisco-agradece-al-predicador-de-los-ejercicios-espirituales-y-le-desea-que-seas-un-buen-fraile\/","title":{"rendered":"Francisco agradece al predicador de los ejercicios espirituales y le desea: \u2018Que seas un buen fraile\u2019"},"content":{"rendered":"<p style=\"text-align: justify\">(ZENIT- Ciudad del Vaticano, 10 Mar 2017).- El papa Francisco le agradeci\u00f3 al sacerdote franciscano Giulio Michelini por los Ejercicios espirituales que predic\u00f3 en la casa<em> Divin Maestro<\/em> de la localidad de Ariccia, en donde el Santo Padre y unos 70 colaboradores cercanos de la Curia romana estuvieron en retiro cuaresmal por una semana.<\/p>\n<p style=\"text-align: justify\">Lo hizo esta ma\u00f1ana del viernes, una vez concluido el retiro iniciado el domingo pasado y minutos antes de regresar al Vaticano.\u201cGracias por tu normalidad, por el bien que nos has querido hacer y por el bien que nos has hecho. Ante todo, por mostrarte como eres, natural, sin \u2018cara de santito\u2019. Natural, sin artificios\u201d, dijo.<\/p>\n<p style=\"text-align: justify\">Y expres\u00f3 su gratitud \u201cpor todo el bagaje de tu vida: los estudios, las publicaciones, los amigos, tus padres, los j\u00f3venes frailes que debes custodiar. Todo, todo\u201d.<\/p>\n<p style=\"text-align: justify\">Porque preparar los ejercicios espirituales, a\u00f1adi\u00f3 Francisco \u201csignifica responsabilidad, tomar las cosas en serio. Y gracias por todo esto que nos has dado. Es cierto, hay una monta\u00f1a de cosas para meditar, pero san Ignacio dice que cuando uno encuentra en los Ejercicios una cosa que da consolaci\u00f3n o desolaci\u00f3n, se debe detener all\u00ed y no seguir adelante. Seguramente, cada uno de nosotros ha encontrado una o dos entre todo esto.<\/p>\n<p style=\"text-align: justify\">Y por el resto, asegur\u00f3 el Papa , \u201cno es desperdicio, permanece y servir\u00e1 para otra vez. Y tal vez las cosas m\u00e1s importantes, m\u00e1s fuertes, a alguno no le dicen nada, y en cambio tal vez una palabrita, una peque\u00f1a cosa dice m\u00e1s\u201d a otro.<\/p>\n<p style=\"text-align: justify\">As\u00ed, conversando siempre con el predicador, el Papa record\u00f3 una an\u00e9cdota que hab\u00eda citado el franciscano durante los ejercicios acerca de un \u201cgran predicador espa\u00f1ol\u201d, al cual, despu\u00e9s de \u201cuna gran predicaci\u00f3n bien preparada, se le acerc\u00f3 un hombre, que era un gran pecador p\u00fablico, y en medio de las l\u00e1grimas le pidi\u00f3 la absoluci\u00f3n y se confes\u00f3. Una catarata de pecados y l\u00e1grimas, pecados y l\u00e1grimas. El confesor, estaba sorprendido porque conoc\u00eda la vida de este hombre y le pregunt\u00f3:<br \/>\n-\u2018D\u00edgame, \u00bfen qu\u00e9 momento usted sinti\u00f3 que Dios le tocaba el coraz\u00f3n? \u00bfCon cu\u00e1l palabra?\u2019<br \/>\n&#8211; \u2018Cuando usted dijo: Pasemos a otro tema\u2019\u201d.<\/p>\n<p style=\"text-align: justify\">\u201cA veces, las palabras m\u00e1s sencillas &#8211;concluy\u00f3 el Santo Padre&#8211; son las que nos ayudan, o las m\u00e1s complicadas: a cada uno, el Se\u00f1or le da la palabra justa\u201d, y le dese\u00f3 a fray Michelini \u201ccontinuar trabajando por la Iglesia, en la Iglesia, en la ex\u00e9gesis, en tantas cosas que la Iglesia le conf\u00eda\u201d. Y sobre todo \u201cte deseo que seas un buen fraile\u201d.<\/p>\n<p><span class=\"et_bloom_bottom_trigger\"><\/span><\/p>\n<p><a href=\"https:\/\/es.zenit.org\/\" target=\"_blank\" rel=\"nofollow\">Fuente: es.zenit.org<\/a><\/p>\n","protected":false},"excerpt":{"rendered":"<p>(ZENIT- Ciudad del Vaticano, 10 Mar 2017).- El papa Francisco le agradeci\u00f3 al sacerdote franciscano Giulio Michelini por los Ejercicios espirituales que predic\u00f3 en la casa Divin Maestro de la localidad de Ariccia, en donde el Santo Padre y unos 70 colaboradores cercanos de la Curia romana estuvieron en retiro cuaresmal por una semana. Lo &hellip; <a href=\"https:\/\/www.biblia.work\/noticias\/francisco-agradece-al-predicador-de-los-ejercicios-espirituales-y-le-desea-que-seas-un-buen-fraile\/\" class=\"more-link\">Continuar leyendo<span class=\"screen-reader-text\"> \u00abFrancisco agradece al predicador de los ejercicios espirituales y le desea: \u2018Que seas un buen fraile\u2019\u00bb<\/span><\/a><\/p>\n","protected":false},"author":1,"featured_media":0,"comment_status":"open","ping_status":"closed","sticky":false,"template":"","format":"standard","meta":{"footnotes":""},"categories":[1],"tags":[],"class_list":["post-12611","post","type-post","status-publish","format-standard","hentry","category-general"],"_links":{"self":[{"href":"https:\/\/www.biblia.work\/noticias\/wp-json\/wp\/v2\/posts\/12611","targetHints":{"allow":["GET"]}}],"collection":[{"href":"https:\/\/www.biblia.work\/noticias\/wp-json\/wp\/v2\/posts"}],"about":[{"href":"https:\/\/www.biblia.work\/noticias\/wp-json\/wp\/v2\/types\/post"}],"author":[{"embeddable":true,"href":"https:\/\/www.biblia.work\/noticias\/wp-json\/wp\/v2\/users\/1"}],"replies":[{"embeddable":true,"href":"https:\/\/www.biblia.work\/noticias\/wp-json\/wp\/v2\/comments?post=12611"}],"version-history":[{"count":0,"href":"https:\/\/www.biblia.work\/noticias\/wp-json\/wp\/v2\/posts\/12611\/revisions"}],"wp:attachment":[{"href":"https:\/\/www.biblia.work\/noticias\/wp-json\/wp\/v2\/media?parent=12611"}],"wp:term":[{"taxonomy":"category","embeddable":true,"href":"https:\/\/www.biblia.work\/noticias\/wp-json\/wp\/v2\/categories?post=12611"},{"taxonomy":"post_tag","embeddable":true,"href":"https:\/\/www.biblia.work\/noticias\/wp-json\/wp\/v2\/tags?post=12611"}],"curies":[{"name":"wp","href":"https:\/\/api.w.org\/{rel}","templated":true}]}}