{"id":12616,"date":"2017-03-10T12:15:02","date_gmt":"2017-03-10T17:15:02","guid":{"rendered":"http:\/\/www.biblia.work\/noticias\/el-nuncio-en-colombia-pide-prepararse-espiritualmente-para-recibir-al-vicario-de-cristo\/"},"modified":"2017-03-10T12:15:02","modified_gmt":"2017-03-10T17:15:02","slug":"el-nuncio-en-colombia-pide-prepararse-espiritualmente-para-recibir-al-vicario-de-cristo","status":"publish","type":"post","link":"https:\/\/www.biblia.work\/noticias\/el-nuncio-en-colombia-pide-prepararse-espiritualmente-para-recibir-al-vicario-de-cristo\/","title":{"rendered":"El nuncio en Colombia pide prepararse espiritualmente para recibir al Vicario de Cristo"},"content":{"rendered":"<p style=\"text-align: justify\">(ZENIT &#8211; Roma, 10 Mar. 2017).- El\u00a0nuncio apost\u00f3lico en Colombia, monse\u00f1or Ettore Ballestrero, confirm\u00f3 en Bogot\u00e1 que &#8220;el Papa Francisco visitar\u00e1 Colombia del 6 al 10 de septiembre de 2017&#8221;. A\u00f1adi\u00f3 que la visita es de orden espiritual por lo tanto ha invitado\u00a0a todos los colombianos &#8220;a que nos preparemos para recibir al Vicario de Cristo en nuestro pa\u00eds&#8221;.<\/p>\n<p style=\"text-align: justify\">Lo \u00a0hizo en una rueda de prensa\u00a0que se realiz\u00f3\u00a0este viernes en instalaciones de la Conferencia Episcopal, precisando que\u00a0&#8220;estar\u00e1 presente en Bogot\u00e1, Villavicencio, Medell\u00edn y Cartagena&#8221;.<\/p>\n<p style=\"text-align: justify\">\u201cEl Papa quiere venir &#8211;asegur\u00f3 Mons. Ballestrero&#8211; al encuentro de los colombianos, viene por quienes est\u00e1n en las ciudades y por los que viven en el campo y tienen una cultura y unas necesidades diferentes; por los ricos y por los pobres; por los j\u00f3venes y por los ancianos\u201d.<\/p>\n<p style=\"text-align: justify\">El Nuncio destac\u00f3 que la visita del Papa tendr\u00e1 como destino \u00fanico nuestro pa\u00eds y que esto no es habitual. \u201cEs importante subrayar que el viaje tendr\u00e1 como \u00fanico destino a Colombia y durar\u00e1 4 d\u00edas enteros: un per\u00edodo muy consistente, si lo comparamos con la duraci\u00f3n ordinaria de los viajes pontificios. Es raro que el Papa visite solo un pa\u00eds y que incluso se detenga all\u00ed 4 d\u00edas. Esto manifiesta la importancia que Francisco le atribuye a este Viaje y, en el fondo, a Colombia\u201d, asegur\u00f3 Ballestrero.<\/p>\n<p style=\"text-align: justify\">Una visita, asegur\u00f3 el nuncio que &#8220;se produce acogiendo la invitaci\u00f3n de los obispos del pa\u00eds y del Gobierno nacional&#8221;.<\/p>\n<p style=\"text-align: justify\">Inform\u00f3 que la preparaci\u00f3n, por parte de la Iglesia, estar\u00e1 a cargo de monse\u00f1or Fabio Suesc\u00fan Mutis, quien fue uno de los organizadores de la visita de San Juan Pablo II en 1986.<\/p>\n<p><span class=\"et_bloom_bottom_trigger\"><\/span><\/p>\n<p><a href=\"https:\/\/es.zenit.org\/\" target=\"_blank\" rel=\"nofollow\">Fuente: es.zenit.org<\/a><\/p>\n","protected":false},"excerpt":{"rendered":"<p>(ZENIT &#8211; Roma, 10 Mar. 2017).- El\u00a0nuncio apost\u00f3lico en Colombia, monse\u00f1or Ettore Ballestrero, confirm\u00f3 en Bogot\u00e1 que &#8220;el Papa Francisco visitar\u00e1 Colombia del 6 al 10 de septiembre de 2017&#8221;. A\u00f1adi\u00f3 que la visita es de orden espiritual por lo tanto ha invitado\u00a0a todos los colombianos &#8220;a que nos preparemos para recibir al Vicario de &hellip; <a href=\"https:\/\/www.biblia.work\/noticias\/el-nuncio-en-colombia-pide-prepararse-espiritualmente-para-recibir-al-vicario-de-cristo\/\" class=\"more-link\">Continuar leyendo<span class=\"screen-reader-text\"> \u00abEl nuncio en Colombia pide prepararse espiritualmente para recibir al Vicario de Cristo\u00bb<\/span><\/a><\/p>\n","protected":false},"author":1,"featured_media":0,"comment_status":"open","ping_status":"closed","sticky":false,"template":"","format":"standard","meta":{"footnotes":""},"categories":[1],"tags":[],"class_list":["post-12616","post","type-post","status-publish","format-standard","hentry","category-general"],"_links":{"self":[{"href":"https:\/\/www.biblia.work\/noticias\/wp-json\/wp\/v2\/posts\/12616","targetHints":{"allow":["GET"]}}],"collection":[{"href":"https:\/\/www.biblia.work\/noticias\/wp-json\/wp\/v2\/posts"}],"about":[{"href":"https:\/\/www.biblia.work\/noticias\/wp-json\/wp\/v2\/types\/post"}],"author":[{"embeddable":true,"href":"https:\/\/www.biblia.work\/noticias\/wp-json\/wp\/v2\/users\/1"}],"replies":[{"embeddable":true,"href":"https:\/\/www.biblia.work\/noticias\/wp-json\/wp\/v2\/comments?post=12616"}],"version-history":[{"count":0,"href":"https:\/\/www.biblia.work\/noticias\/wp-json\/wp\/v2\/posts\/12616\/revisions"}],"wp:attachment":[{"href":"https:\/\/www.biblia.work\/noticias\/wp-json\/wp\/v2\/media?parent=12616"}],"wp:term":[{"taxonomy":"category","embeddable":true,"href":"https:\/\/www.biblia.work\/noticias\/wp-json\/wp\/v2\/categories?post=12616"},{"taxonomy":"post_tag","embeddable":true,"href":"https:\/\/www.biblia.work\/noticias\/wp-json\/wp\/v2\/tags?post=12616"}],"curies":[{"name":"wp","href":"https:\/\/api.w.org\/{rel}","templated":true}]}}