{"id":12618,"date":"2017-03-10T13:15:02","date_gmt":"2017-03-10T18:15:02","guid":{"rendered":"http:\/\/www.biblia.work\/noticias\/presentan-el-logotipo-del-viaje-de-francisco-a-colombia-demos-el-primer-paso\/"},"modified":"2017-03-10T13:15:02","modified_gmt":"2017-03-10T18:15:02","slug":"presentan-el-logotipo-del-viaje-de-francisco-a-colombia-demos-el-primer-paso","status":"publish","type":"post","link":"https:\/\/www.biblia.work\/noticias\/presentan-el-logotipo-del-viaje-de-francisco-a-colombia-demos-el-primer-paso\/","title":{"rendered":"Presentan el logotipo del viaje de Francisco a Colombia: \u201cDemos el primer paso\u201d"},"content":{"rendered":"<p class=\"p1\"><span class=\"s1\">(ZENIT &#8211; Roma, 10 Mar. 2017).- Al mismo tiempo que en la Oficina de prensa de la Santa Sede se daba a conocer\u00a0el anuncio de la<\/span><span class=\"s1\">\u00a0visita del papa Francisco a Colombia, del 6 al 11 de septiembre pr\u00f3ximos, visitando las ciudades de\u00a0<\/span><span class=\"s1\">Bogot\u00e1, Villavicencio, Medell\u00edn y Cartagena, en la sede de la Conferencia Episcopal Colombiana se realiz\u00f3 una rueda de prensa en la que fue presentado el logotipo del viaje apost\u00f3lico.<\/span><\/p>\n<p class=\"p1\">En la imagen oficial se invita a los colombianos a que \u201cdemos el primer paso\u201d para alcanzar la reconciliaci\u00f3n y la paz.<\/p>\n<p style=\"text-align: justify\">La presentaci\u00f3n estuvo a cargo Monse\u00f1or Fabio Suesc\u00fan Mutis, Obispo Castrense y responsable, por parte de la Iglesia, del Comit\u00e9 de la preparaci\u00f3n para la visita del Santo Padre. El obispo explic\u00f3 que con esta imagen la Iglesia propone a los colombianos ser misioneros de la reconciliaci\u00f3n.<\/p>\n<p style=\"text-align: justify\">\u201cLa visita del Papa Francisco es un momento de gracia y alegr\u00eda para so\u00f1ar con la posibilidad de transformar nuestro pa\u00eds y dar el primer paso. El Santo Padre, es un misionero para la reconciliaci\u00f3n. Su presencia nos ayudar\u00e1 a descubrir que s\u00ed es posible volver a unirnos como naci\u00f3n para as\u00ed aprender a mirarnos de nuevo con ojos de esperanza y misericordia\u201d, explic\u00f3 el obispo.<\/p>\n<p style=\"text-align: justify\">En la imagen, que tiene como fondo los colores del Vaticano \u2013 amarillo y blanco-, el Santo Padre camina para dar el paso y comenzar a construir y son\u0303ar; porque todo cambio comienza con la conversi\u00f3n del coraz\u00f3n, todo cambio necesita un momento para volver a encontrarnos y es un momento en nuestra historia para descubrirnos como pa\u00eds, que se refleja en la figura precolombina colombiana.<\/p>\n<p style=\"text-align: justify\">En este marco, dar el primer paso significa reconocer el sufrimiento de otros, perdonar a quienes nos han herido, volvernos a encontrar como colombianos, entender el dolor de los que han sufrido, sanar nuestro coraz\u00f3n, descubrir el pa\u00eds que se esconde detr\u00e1s de las monta\u00f1as y construir un pa\u00eds en paz.<\/p>\n<p style=\"text-align: justify\">\u201cDar el primer paso, es volver a acercarnos a Jes\u00fas, volver a encontrarnos con el amor de nuestras familias, desarmar las palabras con nuestro pr\u00f3jimo y tener compasi\u00f3n con quienes han sufrido\u201d, asegur\u00f3 monse\u00f1or Fabio Suesc\u00fan Mutis.<\/p>\n<p><span class=\"et_bloom_bottom_trigger\"><\/span><\/p>\n<p><a href=\"https:\/\/es.zenit.org\/\" target=\"_blank\" rel=\"nofollow\">Fuente: es.zenit.org<\/a><\/p>\n","protected":false},"excerpt":{"rendered":"<p>(ZENIT &#8211; Roma, 10 Mar. 2017).- Al mismo tiempo que en la Oficina de prensa de la Santa Sede se daba a conocer\u00a0el anuncio de la\u00a0visita del papa Francisco a Colombia, del 6 al 11 de septiembre pr\u00f3ximos, visitando las ciudades de\u00a0Bogot\u00e1, Villavicencio, Medell\u00edn y Cartagena, en la sede de la Conferencia Episcopal Colombiana se &hellip; <a href=\"https:\/\/www.biblia.work\/noticias\/presentan-el-logotipo-del-viaje-de-francisco-a-colombia-demos-el-primer-paso\/\" class=\"more-link\">Continuar leyendo<span class=\"screen-reader-text\"> \u00abPresentan el logotipo del viaje de Francisco a Colombia: \u201cDemos el primer paso\u201d\u00bb<\/span><\/a><\/p>\n","protected":false},"author":1,"featured_media":0,"comment_status":"open","ping_status":"closed","sticky":false,"template":"","format":"standard","meta":{"footnotes":""},"categories":[1],"tags":[],"class_list":["post-12618","post","type-post","status-publish","format-standard","hentry","category-general"],"_links":{"self":[{"href":"https:\/\/www.biblia.work\/noticias\/wp-json\/wp\/v2\/posts\/12618","targetHints":{"allow":["GET"]}}],"collection":[{"href":"https:\/\/www.biblia.work\/noticias\/wp-json\/wp\/v2\/posts"}],"about":[{"href":"https:\/\/www.biblia.work\/noticias\/wp-json\/wp\/v2\/types\/post"}],"author":[{"embeddable":true,"href":"https:\/\/www.biblia.work\/noticias\/wp-json\/wp\/v2\/users\/1"}],"replies":[{"embeddable":true,"href":"https:\/\/www.biblia.work\/noticias\/wp-json\/wp\/v2\/comments?post=12618"}],"version-history":[{"count":0,"href":"https:\/\/www.biblia.work\/noticias\/wp-json\/wp\/v2\/posts\/12618\/revisions"}],"wp:attachment":[{"href":"https:\/\/www.biblia.work\/noticias\/wp-json\/wp\/v2\/media?parent=12618"}],"wp:term":[{"taxonomy":"category","embeddable":true,"href":"https:\/\/www.biblia.work\/noticias\/wp-json\/wp\/v2\/categories?post=12618"},{"taxonomy":"post_tag","embeddable":true,"href":"https:\/\/www.biblia.work\/noticias\/wp-json\/wp\/v2\/tags?post=12618"}],"curies":[{"name":"wp","href":"https:\/\/api.w.org\/{rel}","templated":true}]}}