{"id":12623,"date":"2017-03-10T14:15:02","date_gmt":"2017-03-10T19:15:02","guid":{"rendered":"http:\/\/www.biblia.work\/noticias\/el-presidente-de-colombia-recibiremos-al-santo-padre-con-los-brazos-abiertos\/"},"modified":"2017-03-10T14:15:02","modified_gmt":"2017-03-10T19:15:02","slug":"el-presidente-de-colombia-recibiremos-al-santo-padre-con-los-brazos-abiertos","status":"publish","type":"post","link":"https:\/\/www.biblia.work\/noticias\/el-presidente-de-colombia-recibiremos-al-santo-padre-con-los-brazos-abiertos\/","title":{"rendered":"El presidente de Colombia: \u2018Recibiremos al Santo Padre con los brazos abiertos\u2019"},"content":{"rendered":"<p style=\"text-align: justify\">(ZENIT &#8211; Roma).- El presidente de la Rep\u00fablica de Colombia, Juan Manuel Santos, expres\u00f3 su alegr\u00eda por la noticia de la visita del Papa Francisco a Colombia y calific\u00f3 este hecho como un privilegio.<\/p>\n<p style=\"text-align: justify\">El mensaje presidencial, reportado en la web de los obispos colombianos, indica. \u201cEn abril del a\u00f1o 2015 supimos que el Papa vendr\u00eda a Colombia y dijimos, como decimos hoy, que lo recibiremos con los brazos y los corazones abiertos, como mensajero de paz y reconciliaci\u00f3n\u201d.<\/p>\n<p style=\"text-align: justify\">El primer mandatario del pa\u00eds destac\u00f3 que el Papa Francisco en diversas oportunidades \u201cdio coraje e impuls\u00f3\u201d la b\u00fasqueda de la paz en Colombia. \u201cEs mensajero de amor y de fe. Es forjador de puentes y no de muros\u201d, asegur\u00f3.<\/p>\n<p style=\"text-align: justify\">Celebr\u00f3 que esta visita es exclusiva, porque usualmente el Papa agenda sus viajes a varios destinos y por pocos d\u00edas. \u201cTener al Papa entre nosotros por cuatro d\u00edas, saber que viaja exclusivamente a dar una voz de aliento y de fe a los colombianos, es un privilegio que nos llena de gratitud\u201d, afirm\u00f3.<\/p>\n<p style=\"text-align: justify\">Destac\u00f3 la visita del Papa es un \u201cencuentro con las ense\u00f1anzas de Jes\u00fas, y el encuentro entre nosotros mismos, como sociedad, como compatriotas, como seres humanos y como hijos de Dios\u201d.<\/p>\n<p style=\"text-align: justify\">En esta t\u00f3nica, el presidente Santos expres\u00f3 su esperanza de que la visita apost\u00f3lica ayude a los colombianos a unirse en torno a la \u201cconstrucci\u00f3n de un pa\u00eds m\u00e1s justo, m\u00e1s solidario, m\u00e1s equitativo y en paz\u201d.<\/p>\n<p style=\"text-align: justify\">Finalmente, adelant\u00f3 que ya comenz\u00f3 la preparaci\u00f3n de la visita. \u201cYa nos hemos comenzado a preparar y seguiremos prepar\u00e1ndonos para que esta jornada apost\u00f3lica del papa Francisco en Colombia d\u00e9 los mayores frutos de concordia y uni\u00f3n en nuestra patria\u201d.<\/p>\n<p><span class=\"et_bloom_bottom_trigger\"><\/span><\/p>\n<p><a href=\"https:\/\/es.zenit.org\/\" target=\"_blank\" rel=\"nofollow\">Fuente: es.zenit.org<\/a><\/p>\n","protected":false},"excerpt":{"rendered":"<p>(ZENIT &#8211; Roma).- El presidente de la Rep\u00fablica de Colombia, Juan Manuel Santos, expres\u00f3 su alegr\u00eda por la noticia de la visita del Papa Francisco a Colombia y calific\u00f3 este hecho como un privilegio. El mensaje presidencial, reportado en la web de los obispos colombianos, indica. \u201cEn abril del a\u00f1o 2015 supimos que el Papa &hellip; <a href=\"https:\/\/www.biblia.work\/noticias\/el-presidente-de-colombia-recibiremos-al-santo-padre-con-los-brazos-abiertos\/\" class=\"more-link\">Continuar leyendo<span class=\"screen-reader-text\"> \u00abEl presidente de Colombia: \u2018Recibiremos al Santo Padre con los brazos abiertos\u2019\u00bb<\/span><\/a><\/p>\n","protected":false},"author":1,"featured_media":0,"comment_status":"open","ping_status":"closed","sticky":false,"template":"","format":"standard","meta":{"footnotes":""},"categories":[1],"tags":[],"class_list":["post-12623","post","type-post","status-publish","format-standard","hentry","category-general"],"_links":{"self":[{"href":"https:\/\/www.biblia.work\/noticias\/wp-json\/wp\/v2\/posts\/12623","targetHints":{"allow":["GET"]}}],"collection":[{"href":"https:\/\/www.biblia.work\/noticias\/wp-json\/wp\/v2\/posts"}],"about":[{"href":"https:\/\/www.biblia.work\/noticias\/wp-json\/wp\/v2\/types\/post"}],"author":[{"embeddable":true,"href":"https:\/\/www.biblia.work\/noticias\/wp-json\/wp\/v2\/users\/1"}],"replies":[{"embeddable":true,"href":"https:\/\/www.biblia.work\/noticias\/wp-json\/wp\/v2\/comments?post=12623"}],"version-history":[{"count":0,"href":"https:\/\/www.biblia.work\/noticias\/wp-json\/wp\/v2\/posts\/12623\/revisions"}],"wp:attachment":[{"href":"https:\/\/www.biblia.work\/noticias\/wp-json\/wp\/v2\/media?parent=12623"}],"wp:term":[{"taxonomy":"category","embeddable":true,"href":"https:\/\/www.biblia.work\/noticias\/wp-json\/wp\/v2\/categories?post=12623"},{"taxonomy":"post_tag","embeddable":true,"href":"https:\/\/www.biblia.work\/noticias\/wp-json\/wp\/v2\/tags?post=12623"}],"curies":[{"name":"wp","href":"https:\/\/api.w.org\/{rel}","templated":true}]}}