{"id":12635,"date":"2017-03-11T08:15:02","date_gmt":"2017-03-11T13:15:02","guid":{"rendered":"http:\/\/www.biblia.work\/noticias\/el-papa-a-telefono-amigo-escuchen-al-necesitado-como-dios-nos-escucha-cuando-rezamos\/"},"modified":"2017-03-11T08:15:02","modified_gmt":"2017-03-11T13:15:02","slug":"el-papa-a-telefono-amigo-escuchen-al-necesitado-como-dios-nos-escucha-cuando-rezamos","status":"publish","type":"post","link":"https:\/\/www.biblia.work\/noticias\/el-papa-a-telefono-amigo-escuchen-al-necesitado-como-dios-nos-escucha-cuando-rezamos\/","title":{"rendered":"El Papa a \u2018Tel\u00e9fono amigo\u2019: Escuchen al necesitado como Dios nos escucha cuando rezamos"},"content":{"rendered":"<p style=\"text-align: justify\">(ZENIT &#8211; Ciudad del Vaticano, 11 Mar. 2017).- \u201c<span lang=\"es\">A trav\u00e9s del di\u00e1logo y la escucha podemos contribuir a la construcci\u00f3n de un mundo mejor, haci\u00e9ndolo un lugar de acogida y de respeto, evitando\u00a0as\u00ed las divisiones y los conflictos\u201d. Lo indic\u00f3 el Papa Francisco este s\u00e1bado por la ma\u00f1ana en el Vaticano, en la audiencia concedida a los integrantes del &#8216;<em>Telefono Amico<\/em>&#8216; (Tel\u00e9fono amigo), el servicio de una asociaci\u00f3n de voluntarios que cumple 50 a\u00f1os de actividad. <\/span><\/p>\n<p style=\"text-align: justify\"><span lang=\"es\">Tel\u00e9fono amigo, ofrece desde 1967 un servicio gratuito durante todo el a\u00f1o, gracias a sus 700 voluntarios que \u201cescuchan a quienes se encuentren en una situaci\u00f3n de soledad, angustia, tristeza, rabia y malestar&#8230; y a quien sienta necesidad de compartir estas emociones con una voz amiga\u201d, <span style=\"color: #3366ff\">se lee en su web<\/span>. <\/span><\/p>\n<p style=\"text-align: justify\"><span lang=\"es\">As\u00ed en\u00a0la Sala Clementina el Papa les indic\u00f3 que considera su servicio \u201cimportante, especialmente en el actual contexto social\u201d donde existe\u00a0\u201caislamiento y falta de di\u00e1logo\u201d t\u00edpico en las grandes ciudades, con \u201cindiferencia difusa, comunicaci\u00f3n cada vez m\u00e1s virtual y menos personal, carencia de valores s\u00f3lidos sobre los cuales fundar la existencia, cultura del tener y del aparecer\u201d. <\/span><\/p>\n<p style=\"text-align: justify\">Adem\u00e1s, indic\u00f3 el Papa, \u201cel di\u00e1logo es expresi\u00f3n de la caridad\u201d y a trav\u00e9s del mismo \u201cpodemos aprender a no ver al otro como una amenaza, sino como un don de Dios\u201d.<\/p>\n<p style=\"text-align: justify\">Claro, reconoci\u00f3 el Pont\u00edfice, \u201cescuchar al otro requiere paciencia y atenci\u00f3n\u201d. Y solamente quien sabe callar sabe escuchar: escuchar a Dios, al hermano ya la hermana que necesitan ayuda, a un amigo o a un familiar\u201d. Adem\u00e1s Dios \u201ces el ejemplo m\u00e1s excelente de escucha: cada vez que le rezamos\u201d.<\/p>\n<p style=\"text-align: justify\">\u201c<span lang=\"es\">La actitud de escucha, de la cual Dios es modelo, nos impulsa a derribar los muros de las incomprensiones, a crear puentes de comunicaci\u00f3n, superando el aislamiento y el encerrarse en el propio peque\u00f1o mundo\u201d dijo.<\/span><\/p>\n<p style=\"text-align: justify\"><span lang=\"es\">El Papa concluy\u00f3 sus palabras indicando: \u201ccuento con vuestras oraciones\u201d y les confi\u00f3 \u201ca la protecci\u00f3n de la Virgen Mar\u00eda, mujer de silencio y escucha. La audiencia concluy\u00f3 con la bendici\u00f3n apost\u00f3lica. <\/span><\/p>\n<p><span class=\"et_bloom_bottom_trigger\"><\/span><\/p>\n<p><a href=\"https:\/\/es.zenit.org\/\" target=\"_blank\" rel=\"nofollow\">Fuente: es.zenit.org<\/a><\/p>\n","protected":false},"excerpt":{"rendered":"<p>(ZENIT &#8211; Ciudad del Vaticano, 11 Mar. 2017).- \u201cA trav\u00e9s del di\u00e1logo y la escucha podemos contribuir a la construcci\u00f3n de un mundo mejor, haci\u00e9ndolo un lugar de acogida y de respeto, evitando\u00a0as\u00ed las divisiones y los conflictos\u201d. Lo indic\u00f3 el Papa Francisco este s\u00e1bado por la ma\u00f1ana en el Vaticano, en la audiencia concedida &hellip; <a href=\"https:\/\/www.biblia.work\/noticias\/el-papa-a-telefono-amigo-escuchen-al-necesitado-como-dios-nos-escucha-cuando-rezamos\/\" class=\"more-link\">Continuar leyendo<span class=\"screen-reader-text\"> \u00abEl Papa a \u2018Tel\u00e9fono amigo\u2019: Escuchen al necesitado como Dios nos escucha cuando rezamos\u00bb<\/span><\/a><\/p>\n","protected":false},"author":1,"featured_media":0,"comment_status":"open","ping_status":"closed","sticky":false,"template":"","format":"standard","meta":{"footnotes":""},"categories":[1],"tags":[],"class_list":["post-12635","post","type-post","status-publish","format-standard","hentry","category-general"],"_links":{"self":[{"href":"https:\/\/www.biblia.work\/noticias\/wp-json\/wp\/v2\/posts\/12635","targetHints":{"allow":["GET"]}}],"collection":[{"href":"https:\/\/www.biblia.work\/noticias\/wp-json\/wp\/v2\/posts"}],"about":[{"href":"https:\/\/www.biblia.work\/noticias\/wp-json\/wp\/v2\/types\/post"}],"author":[{"embeddable":true,"href":"https:\/\/www.biblia.work\/noticias\/wp-json\/wp\/v2\/users\/1"}],"replies":[{"embeddable":true,"href":"https:\/\/www.biblia.work\/noticias\/wp-json\/wp\/v2\/comments?post=12635"}],"version-history":[{"count":0,"href":"https:\/\/www.biblia.work\/noticias\/wp-json\/wp\/v2\/posts\/12635\/revisions"}],"wp:attachment":[{"href":"https:\/\/www.biblia.work\/noticias\/wp-json\/wp\/v2\/media?parent=12635"}],"wp:term":[{"taxonomy":"category","embeddable":true,"href":"https:\/\/www.biblia.work\/noticias\/wp-json\/wp\/v2\/categories?post=12635"},{"taxonomy":"post_tag","embeddable":true,"href":"https:\/\/www.biblia.work\/noticias\/wp-json\/wp\/v2\/tags?post=12635"}],"curies":[{"name":"wp","href":"https:\/\/api.w.org\/{rel}","templated":true}]}}