{"id":12641,"date":"2017-03-11T10:15:02","date_gmt":"2017-03-11T15:15:02","guid":{"rendered":"http:\/\/www.biblia.work\/noticias\/los-focolares-reflexion-sobre-la-familia-y-las-lineas-de-francisco-en-la-amoris-letitiae\/"},"modified":"2017-03-11T10:15:02","modified_gmt":"2017-03-11T15:15:02","slug":"los-focolares-reflexion-sobre-la-familia-y-las-lineas-de-francisco-en-la-amoris-letitiae","status":"publish","type":"post","link":"https:\/\/www.biblia.work\/noticias\/los-focolares-reflexion-sobre-la-familia-y-las-lineas-de-francisco-en-la-amoris-letitiae\/","title":{"rendered":"Los Focolares: reflexi\u00f3n sobre la familia y las l\u00edneas de Francisco en la Amoris Letitiae"},"content":{"rendered":"<p style=\"text-align: justify\">&nbsp;<\/p>\n<p style=\"text-align: justify\">(ZENIT &#8211; Roma).- El Movimiento de los Focolares realizar\u00e1 un momento de reflexi\u00f3n profundizando las l\u00edneas y el horizonte que le viene del \u00faltimo S\u00ednodo de obispos y de la Exhortaci\u00f3n apost\u00f3lica post-sinodal del Santo Padre Francisco, Amoris Letitiae.<\/p>\n<p style=\"text-align: justify\">Lo indic\u00f3 en Roma la oficina de prensa del movimiento, precisando que el motivo es el noveno aniversario de la muerte de Chiara Lubich, la fundadora de los Focolares.<\/p>\n<p style=\"text-align: justify\">As\u00ed el tema elegido este a\u00f1o es la Familia y el aporte que el carisma de la unidad da a la Familia, como agente de transformaci\u00f3n de la sociedad.<\/p>\n<p style=\"text-align: justify\"><span lang=\"es-ES\">Adem\u00e1s, este a\u00f1o se cumple el 50 aniversario de la fundaci\u00f3n de Familias Nuevas, la rama de los Focolares fundada en 1967 por la Lubich para el mundo de la familia. <\/span><\/p>\n<p style=\"text-align: justify\"><span lang=\"es-ES\">As\u00ed en Florencia se realiza desde el viernes 10 a este domingo 12 de marza un evento de escala mundial en la Ciudadela de Loppiano, con la participaci\u00f3n de las familias de los cinco continentes. <\/span><\/p>\n<p style=\"text-align: justify\"><span lang=\"es-ES\">En el programa habr\u00e1 talleres para padres, hijos, abuelos. Un grupo cualificado dar\u00e1 vida a un seminario cultural en el que se reflexionar\u00e1 sobre \u201cel pacto de reciprocidad en la vida familiar, generador de confianza y de relaci\u00f3n\u201d. <\/span><\/p>\n<p style=\"text-align: justify\"><span lang=\"es-ES\">Se llevar\u00e1 a cabo en colaboraci\u00f3n con el Instituto Universitario Sophia, y se iniciar\u00e1 un Centro de estudios sobre la familia, en el cuadro de la actividad acad\u00e9mica de Sophia, con el objetivo de ahondar en la contribuci\u00f3n de la espiritualidad de la unidad para la familia hoy. <\/span><\/p>\n<p style=\"text-align: justify\"><span lang=\"es-ES\">Un momento central del evento de Loppiano es esta tarde del s\u00e1bado, con un programa articulado en tres etapas: \u201cLa familia, red de relaciones\u201d: la relaci\u00f3n en la pareja, con sus hijos, entre las generaciones; \u201cEl amor, herramienta y respuesta a la criticidad en la familia\u201d: compartir las heridas, los retos, los dolores; \u201cFamilia, recurso creativo para el tejido social de cada pueblo\u201d: redes de familias, solidaridad y hospitalidad, compromiso con la sociedad. Se han alternado historias reales de familias, reflexiones cualificadas y aportaciones del patrimonio de pensamiento y de vida de Chiara Lubich sobre la familia. El programa es transmitido en vivo.<\/p>\n<p style=\"text-align: justify\"><\/span><span lang=\"es-ES\">Cada a\u00f1o, el aniversario de la muerte de Chiara Lubich para las comunidades de los Focolares en el mundo es una ocasi\u00f3n de encuentro, de fiesta, de testimonio y de un compromiso renovado. Tambi\u00e9n el 2017 ve un multiplicarse de citas, de Singapur a Vilnius (Lituania), desde Sydney (Australia) a Houston (EE.UU.), de Manaos (Brasil) a Buyumbura (Burundi). Una especie de constelaci\u00f3n que literalmente abraza el mundo y evoca la consigna de Chiara: \u00abSed una familia\u00bb<\/span><\/p>\n<p><span class=\"et_bloom_bottom_trigger\"><\/span><\/p>\n<p><a href=\"https:\/\/es.zenit.org\/\" target=\"_blank\" rel=\"nofollow\">Fuente: es.zenit.org<\/a><\/p>\n","protected":false},"excerpt":{"rendered":"<p>&nbsp; (ZENIT &#8211; Roma).- El Movimiento de los Focolares realizar\u00e1 un momento de reflexi\u00f3n profundizando las l\u00edneas y el horizonte que le viene del \u00faltimo S\u00ednodo de obispos y de la Exhortaci\u00f3n apost\u00f3lica post-sinodal del Santo Padre Francisco, Amoris Letitiae. Lo indic\u00f3 en Roma la oficina de prensa del movimiento, precisando que el motivo es &hellip; <a href=\"https:\/\/www.biblia.work\/noticias\/los-focolares-reflexion-sobre-la-familia-y-las-lineas-de-francisco-en-la-amoris-letitiae\/\" class=\"more-link\">Continuar leyendo<span class=\"screen-reader-text\"> \u00abLos Focolares: reflexi\u00f3n sobre la familia y las l\u00edneas de Francisco en la Amoris Letitiae\u00bb<\/span><\/a><\/p>\n","protected":false},"author":1,"featured_media":0,"comment_status":"open","ping_status":"closed","sticky":false,"template":"","format":"standard","meta":{"footnotes":""},"categories":[1],"tags":[],"class_list":["post-12641","post","type-post","status-publish","format-standard","hentry","category-general"],"_links":{"self":[{"href":"https:\/\/www.biblia.work\/noticias\/wp-json\/wp\/v2\/posts\/12641","targetHints":{"allow":["GET"]}}],"collection":[{"href":"https:\/\/www.biblia.work\/noticias\/wp-json\/wp\/v2\/posts"}],"about":[{"href":"https:\/\/www.biblia.work\/noticias\/wp-json\/wp\/v2\/types\/post"}],"author":[{"embeddable":true,"href":"https:\/\/www.biblia.work\/noticias\/wp-json\/wp\/v2\/users\/1"}],"replies":[{"embeddable":true,"href":"https:\/\/www.biblia.work\/noticias\/wp-json\/wp\/v2\/comments?post=12641"}],"version-history":[{"count":0,"href":"https:\/\/www.biblia.work\/noticias\/wp-json\/wp\/v2\/posts\/12641\/revisions"}],"wp:attachment":[{"href":"https:\/\/www.biblia.work\/noticias\/wp-json\/wp\/v2\/media?parent=12641"}],"wp:term":[{"taxonomy":"category","embeddable":true,"href":"https:\/\/www.biblia.work\/noticias\/wp-json\/wp\/v2\/categories?post=12641"},{"taxonomy":"post_tag","embeddable":true,"href":"https:\/\/www.biblia.work\/noticias\/wp-json\/wp\/v2\/tags?post=12641"}],"curies":[{"name":"wp","href":"https:\/\/api.w.org\/{rel}","templated":true}]}}