{"id":12642,"date":"2017-03-11T10:15:03","date_gmt":"2017-03-11T15:15:03","guid":{"rendered":"http:\/\/www.biblia.work\/noticias\/san-luis-orione-12-de-marzo\/"},"modified":"2017-03-11T10:15:03","modified_gmt":"2017-03-11T15:15:03","slug":"san-luis-orione-12-de-marzo","status":"publish","type":"post","link":"https:\/\/www.biblia.work\/noticias\/san-luis-orione-12-de-marzo\/","title":{"rendered":"San Lu\u00eds Orione \u2013\u00a012 de marzo"},"content":{"rendered":"<p style=\"text-align: justify\">&nbsp;<\/p>\n<p style=\"text-align: justify\">(ZENIT &#8211; Madrid).- Hay personas que pasan por el mundo sembrando tanto bien que el anhelo com\u00fan de las buenas gentes ser\u00eda que no desaparecieran jam\u00e1s. Lu\u00eds fue una de ellas. Entregado a las necesidades ajenas no hubo nada que pudiera hacer que dejara al azar, lo ignorase o diese prioridad a personales afanes. Por eso, su conmovedora existencia ha dejado una huella imborrable y conquist\u00f3 la eternidad. \u00abSufrir, callar, orar, amar, crucificarse y adorar\u00bb eran los pilares de su vida. Sus cuatro pasiones: Jes\u00fas, la Virgen Mar\u00eda, el papa y el g\u00e9nero humano redimido por Cristo. La idea de que \u00absolo la caridad salvar\u00e1 al mundo\u00bb gui\u00f3 el acontecer de este gran santo, que se calific\u00f3 a s\u00ed mismo como \u00abel pe\u00f3n de la divina Providencia\u00bb. P\u00edo XII lo denomin\u00f3 \u00abPadre de los pobres e insigne bienhechor de la humanidad dolorida y desamparada\u00bb, y Juan Pablo II al canonizarlo ensalz\u00f3 su vida diciendo que fue \u00abuna maravillosa y genial expresi\u00f3n de caridad cristiana\u00bb al tiempo que lo calificaba como \u00abestratega\u00bb de la misma.<\/p>\n<p style=\"text-align: justify\">Naci\u00f3 en Pontecurone, Italia, el 23 de junio de 1872. Ten\u00eda 13 a\u00f1os cuando se abraz\u00f3 a la vida religiosa ingresando en el convento franciscano de Voghera, Pav\u00eda. Pero graves problemas de salud dieron al traste moment\u00e1neamente con su sue\u00f1o. Su destino ser\u00eda otro. Durante tres a\u00f1os, los que median entre 1886 y 1889, tuvo la gracia de formar parte de los disc\u00edpulos de Don Bosco en el Oratorio turin\u00e9s de Valdocco. Y concluida all\u00ed su formaci\u00f3n, ingres\u00f3 en el seminario de Tortona. Lo que aprendi\u00f3 en Valdocco, con el testimonio de Don Bosco, dej\u00f3 en \u00e9l una huella imborrable. Antes de ser sacerdote ya hab\u00eda puesto en marcha el Oratorio \u00abSan Luis\u00bb, y un colegio en el barrio de San Bernardino. Eran los primeros signos de su impronta apost\u00f3lica con ni\u00f1os y j\u00f3venes que no ten\u00edan recursos econ\u00f3micos.<\/p>\n<p style=\"text-align: justify\">Fue ordenado en abril de 1895. Ese a\u00f1o fund\u00f3 la Peque\u00f1a Obra de la Divina Providencia. Y en 1899 los Ermita\u00f1os de la Divina Providencia, integrada por el grupo de cl\u00e9rigos y sacerdotes que se aglutinaron en torno a \u00e9l. En 1903 el obispo de Tortona, monse\u00f1or Bandi, se apresur\u00f3 a reconocer can\u00f3nicamente estas fundaciones que ten\u00edan como objeto de su acci\u00f3n los despose\u00eddos, los humildes, los afectados por lesiones f\u00edsicas y morales, etc., atendidos en sus \u00abPeque\u00f1os Cottolengos\u00bb. Para los enfermos y ancianos, entre otros, Lu\u00eds puso en marcha hospitales diversos. El admirable plan de vida que se hab\u00eda trazado, basado exclusivamente en el evangelio: \u00abhacer el bien siempre a todos, el mal nunca a nadie\u00bb, estaba dando sus frutos. Aspir\u00f3 a tener \u00abun coraz\u00f3n grande y generoso capaz de llegar a todos los dolores y a todas las l\u00e1grimas\u00bb, y lo consigui\u00f3.<\/p>\n<p style=\"text-align: justify\">En 1915 vio la luz otra de sus obras: las Peque\u00f1as Hermanas Misioneras de la Caridad, y cre\u00f3 el primer Cottolengo. Los frutos se multiplicaban. Se hab\u00eda implicado de lleno en la Sociedad de Mutuo Socorro San Marciano y en la Conferencia de San Vicente, y toda acci\u00f3n que lleva a cabo un ap\u00f3stol redunda en numerosas bendiciones. Surgieron casas en Pav\u00eda, Sicilia, Roma\u2026 Prest\u00f3 su ayuda a los damnificados en los terremotos que asolaron las regiones de Reggio, Messina y Marsica. Desempe\u00f1\u00f3 la misi\u00f3n de vicario general de Messina a petici\u00f3n de P\u00edo X, ante quien realiz\u00f3 sus votos perpetuos en 1912. Y entre 1920 y 1927 fund\u00f3 las Hermanas adoratrices Sacramentinas invidentes, y las Contemplativas de Jes\u00fas crucificado.<\/p>\n<p style=\"text-align: justify\">Este prol\u00edfico fundador no fue ajeno a las dificultades hist\u00f3rico-sociales que afectaron a la Iglesia y al mundo en la \u00e9poca que le toc\u00f3 vivir. Para contrarrestarlas solo cab\u00eda la santidad, y as\u00ed lo dijo: \u00abTenemos que ser santos, pero no tales que nuestra santidad pertenezca solo al culto de los fieles o quede solo en la Iglesia, sino que trascienda y proyecte sobre la sociedad tanto esplendor de luz, tanta vida de amor a Dios y a los hombres que m\u00e1s que ser santos de la Iglesia seamos santos del pueblo y de la salvaci\u00f3n social\u00bb. Envi\u00f3 misioneros a diversos pa\u00edses de Europa y de Am\u00e9rica del Sur. Y \u00e9l mismo viaj\u00f3 por distintos lugares del Cono Sur en 1921. Volvi\u00f3 despu\u00e9s, y entre 1934 y 1937 permaneci\u00f3 en esta zona impulsando las fundaciones y asociaciones para laicos, entre las que tambi\u00e9n se cuentan las \u00abDamas de la Divina Providencia\u00bb, los \u00abEx Alumnos\u00bb y los \u00abAmigos\u00bb.<\/p>\n<p style=\"text-align: justify\">Su edificante existencia fue la de un hombre de oraci\u00f3n, devoto de Mar\u00eda, sencillo, humilde, intr\u00e9pido. Un ap\u00f3stol entregado a Cristo por completo, que viendo su rostro en el sufrimiento de las personas que conoci\u00f3, hizo todo lo que estuvo en su mano para asistirlas. Un insigne predicador y confesor. Un fundador que goz\u00f3 de la confianza de la Santa Sede, pero al que no faltaron incomprensiones, oposiciones, dificultades, y sufrimientos a todos los niveles. Su amor al Santo Padre le llev\u00f3 a incluir un cuarto voto de fidelidad a \u00e9l. Fue impulsor de dos santuarios. A lo largo de su vida lleg\u00f3 a \u00abver y sentir a Cristo en el hombre\u00bb.<\/p>\n<p style=\"text-align: justify\">Con gran visi\u00f3n se adelant\u00f3 a los tiempos, fomentando todas las v\u00edas de la nueva evangelizaci\u00f3n. Dec\u00eda a los suyos: \u00ab\u00bfSon tiempos nuevos? Fuera los miedos. No dudemos. Lanc\u00e9monos en las formas nuevas, en los nuevos m\u00e9todos\u2026 No nos fosilicemos: basta conseguir sembrar, basta poder arar a Jesucristo en la sociedad y fecundarla de Cristo\u00bb. Estaba claro que quer\u00eda combatir el inmovilismo y la rutina, enemigos del ap\u00f3stol. Muri\u00f3 el 12 de marzo de 1940 en la casa de San Remo, exclamando: \u00ab\u00a1Jes\u00fas! \u00a1Jes\u00fas! Voy\u00bb. Fue beatificado por Juan Pablo II el 26 de octubre de 1980, quien glos\u00f3 su existencia recordando que fue: \u00abun hombre tierno y sensible hasta las l\u00e1grimas; infatigable y valiente hasta el agotamiento; tenaz y din\u00e1mico hasta el hero\u00edsmo; afrontando peligros de todo g\u00e9nero; iluminando a hombres sin fe; convirtiendo a pecadores; siempre recogido en continua y confiada oraci\u00f3n&#8230;\u00bb. Este mismo pont\u00edfice lo canoniz\u00f3 el 16 de mayo de 2004.<\/p>\n<p><span class=\"et_bloom_bottom_trigger\"><\/span><\/p>\n<p><a href=\"https:\/\/es.zenit.org\/\" target=\"_blank\" rel=\"nofollow\">Fuente: es.zenit.org<\/a><\/p>\n","protected":false},"excerpt":{"rendered":"<p>&nbsp; (ZENIT &#8211; Madrid).- Hay personas que pasan por el mundo sembrando tanto bien que el anhelo com\u00fan de las buenas gentes ser\u00eda que no desaparecieran jam\u00e1s. Lu\u00eds fue una de ellas. Entregado a las necesidades ajenas no hubo nada que pudiera hacer que dejara al azar, lo ignorase o diese prioridad a personales afanes. &hellip; <a href=\"https:\/\/www.biblia.work\/noticias\/san-luis-orione-12-de-marzo\/\" class=\"more-link\">Continuar leyendo<span class=\"screen-reader-text\"> \u00abSan Lu\u00eds Orione \u2013\u00a012 de marzo\u00bb<\/span><\/a><\/p>\n","protected":false},"author":1,"featured_media":0,"comment_status":"open","ping_status":"closed","sticky":false,"template":"","format":"standard","meta":{"footnotes":""},"categories":[1],"tags":[],"class_list":["post-12642","post","type-post","status-publish","format-standard","hentry","category-general"],"_links":{"self":[{"href":"https:\/\/www.biblia.work\/noticias\/wp-json\/wp\/v2\/posts\/12642","targetHints":{"allow":["GET"]}}],"collection":[{"href":"https:\/\/www.biblia.work\/noticias\/wp-json\/wp\/v2\/posts"}],"about":[{"href":"https:\/\/www.biblia.work\/noticias\/wp-json\/wp\/v2\/types\/post"}],"author":[{"embeddable":true,"href":"https:\/\/www.biblia.work\/noticias\/wp-json\/wp\/v2\/users\/1"}],"replies":[{"embeddable":true,"href":"https:\/\/www.biblia.work\/noticias\/wp-json\/wp\/v2\/comments?post=12642"}],"version-history":[{"count":0,"href":"https:\/\/www.biblia.work\/noticias\/wp-json\/wp\/v2\/posts\/12642\/revisions"}],"wp:attachment":[{"href":"https:\/\/www.biblia.work\/noticias\/wp-json\/wp\/v2\/media?parent=12642"}],"wp:term":[{"taxonomy":"category","embeddable":true,"href":"https:\/\/www.biblia.work\/noticias\/wp-json\/wp\/v2\/categories?post=12642"},{"taxonomy":"post_tag","embeddable":true,"href":"https:\/\/www.biblia.work\/noticias\/wp-json\/wp\/v2\/tags?post=12642"}],"curies":[{"name":"wp","href":"https:\/\/api.w.org\/{rel}","templated":true}]}}