{"id":12646,"date":"2017-03-11T11:15:03","date_gmt":"2017-03-11T16:15:03","guid":{"rendered":"http:\/\/www.biblia.work\/noticias\/espana-realizan-las-xii-jornadas-fernando-rielo-de-pedagogia\/"},"modified":"2017-03-11T11:15:03","modified_gmt":"2017-03-11T16:15:03","slug":"espana-realizan-las-xii-jornadas-fernando-rielo-de-pedagogia","status":"publish","type":"post","link":"https:\/\/www.biblia.work\/noticias\/espana-realizan-las-xii-jornadas-fernando-rielo-de-pedagogia\/","title":{"rendered":"Espa\u00f1a: realizan las XII Jornadas Fernando Rielo de Pedagog\u00eda"},"content":{"rendered":"<p style=\"text-align: justify\">(ZENIT &#8211; Roma)- La Juventud Idente de Espa\u00f1a y la Fundaci\u00f3n Fernando Rielo est\u00e1n realizando este s\u00e1bado 11 y domingo 12 de marzo de 2017, las XII Jornadas Fernando Rielo de Pedagog\u00eda bajo el lema &#8220;La pedagog\u00eda del amor: clave para la convivencia familiar y comunitaria&#8221;.<\/p>\n<p style=\"text-align: justify\">\u201cEn esta edici\u00f3n de las Jornadas de Pedagog\u00eda pretendemos ofrecer la mejor formaci\u00f3n, a trav\u00e9s de testimonios y propuestas de expertos, acerca de c\u00f3mo lograr, desde la pedagog\u00eda del amor, mejorar la convivencia humana en las familias y tambi\u00e9n en todos los ambientes donde desarrollamos una vida comunitaria\u201d, indica el comunicado.<\/p>\n<p style=\"text-align: justify\">Y se\u00f1ala que el s\u00e1bado por la ma\u00f1ana se ha contado con la presencia de Mar\u00eda Fernanda Lacilla Ramas, miembro de la Escuela Idente de Pensamiento, quien dar\u00e1 a conocer la aportaci\u00f3n de Fernando Rielo sobre el tema marco.<\/p>\n<p style=\"text-align: justify\">A continuaci\u00f3n fue una mesa redonda con el t\u00edtulo \u201cUna convivencia profunda en tiempos de superficialidades y prisas\u201d que contar\u00e1 con la participaci\u00f3n de Ascensi\u00f3n Escamilla Valera, Directora de la Fundaci\u00f3n Fernando Rielo; Fernando Gim\u00e9nez Barriocanal, Presidente y Consejero Delegado de la COPE; Jos\u00e9 Fernando Calderero, Presidente del Cap\u00edtulo de Educaci\u00f3n de AEDOS e Isidro Catela Marcos, Periodista y Profesor de la Universidad Francisco de Vitoria.<\/p>\n<p style=\"text-align: justify\">El s\u00e1bado por la tarde el tema ha sido: \u201cEl papel del amor en la educaci\u00f3n ante trastornos de conducta\u201d acompa\u00f1ados de tres expertas en el \u00e1mbito educativo y de la salud: Mar \u00c1lvarez Segura, psiquiatra; M\u00aa del Carmen Cuenca Mu\u00f1\u00f3z, Neuropsic\u00f3loga y Marian Alegre, Pedagoga. Pretendemos, en este espacio, hablar de los retos de la educaci\u00f3n en momentos donde los trastornos de conducta est\u00e1n al orden del d\u00eda.<\/p>\n<p style=\"text-align: justify\">El domingo por la ma\u00f1ana contaremos con dos momentos: una charla-taller de Elena Peces G\u00f3mez con el t\u00edtulo \u201cConvivencia familiar y comunitaria: don y vocaci\u00f3n\u201d; y una mesa redonda donde los j\u00f3venes del Parlamento Universal de la Juventud hablar\u00e1n de los trabajos que han desarrollado en relaci\u00f3n con el tema \u201cEl perd\u00f3n como acto sublime del amor\u201d.<\/p>\n<p style=\"text-align: justify\">formacion@juventudidente.org Se pueden seguir las Jornadas por streaming a trav\u00e9s del siguiente canal: https:\/\/www.youtube.com\/channel\/UCNpyYmisOISprY_og-WIdZg\/live<\/p>\n<p><span class=\"et_bloom_bottom_trigger\"><\/span><\/p>\n<p><a href=\"https:\/\/es.zenit.org\/\" target=\"_blank\" rel=\"nofollow\">Fuente: es.zenit.org<\/a><\/p>\n","protected":false},"excerpt":{"rendered":"<p>(ZENIT &#8211; Roma)- La Juventud Idente de Espa\u00f1a y la Fundaci\u00f3n Fernando Rielo est\u00e1n realizando este s\u00e1bado 11 y domingo 12 de marzo de 2017, las XII Jornadas Fernando Rielo de Pedagog\u00eda bajo el lema &#8220;La pedagog\u00eda del amor: clave para la convivencia familiar y comunitaria&#8221;. \u201cEn esta edici\u00f3n de las Jornadas de Pedagog\u00eda pretendemos &hellip; <a href=\"https:\/\/www.biblia.work\/noticias\/espana-realizan-las-xii-jornadas-fernando-rielo-de-pedagogia\/\" class=\"more-link\">Continuar leyendo<span class=\"screen-reader-text\"> \u00abEspa\u00f1a: realizan las XII Jornadas Fernando Rielo de Pedagog\u00eda\u00bb<\/span><\/a><\/p>\n","protected":false},"author":1,"featured_media":0,"comment_status":"open","ping_status":"closed","sticky":false,"template":"","format":"standard","meta":{"footnotes":""},"categories":[1],"tags":[],"class_list":["post-12646","post","type-post","status-publish","format-standard","hentry","category-general"],"_links":{"self":[{"href":"https:\/\/www.biblia.work\/noticias\/wp-json\/wp\/v2\/posts\/12646","targetHints":{"allow":["GET"]}}],"collection":[{"href":"https:\/\/www.biblia.work\/noticias\/wp-json\/wp\/v2\/posts"}],"about":[{"href":"https:\/\/www.biblia.work\/noticias\/wp-json\/wp\/v2\/types\/post"}],"author":[{"embeddable":true,"href":"https:\/\/www.biblia.work\/noticias\/wp-json\/wp\/v2\/users\/1"}],"replies":[{"embeddable":true,"href":"https:\/\/www.biblia.work\/noticias\/wp-json\/wp\/v2\/comments?post=12646"}],"version-history":[{"count":0,"href":"https:\/\/www.biblia.work\/noticias\/wp-json\/wp\/v2\/posts\/12646\/revisions"}],"wp:attachment":[{"href":"https:\/\/www.biblia.work\/noticias\/wp-json\/wp\/v2\/media?parent=12646"}],"wp:term":[{"taxonomy":"category","embeddable":true,"href":"https:\/\/www.biblia.work\/noticias\/wp-json\/wp\/v2\/categories?post=12646"},{"taxonomy":"post_tag","embeddable":true,"href":"https:\/\/www.biblia.work\/noticias\/wp-json\/wp\/v2\/tags?post=12646"}],"curies":[{"name":"wp","href":"https:\/\/api.w.org\/{rel}","templated":true}]}}