{"id":12647,"date":"2017-03-11T14:05:02","date_gmt":"2017-03-11T19:05:02","guid":{"rendered":"http:\/\/www.biblia.work\/noticias\/papa-francisco-expresa-su-pesame-por-victimas-de-accidente-en-panama\/"},"modified":"2017-03-11T14:05:02","modified_gmt":"2017-03-11T19:05:02","slug":"papa-francisco-expresa-su-pesame-por-victimas-de-accidente-en-panama","status":"publish","type":"post","link":"https:\/\/www.biblia.work\/noticias\/papa-francisco-expresa-su-pesame-por-victimas-de-accidente-en-panama\/","title":{"rendered":"Papa Francisco expresa su p\u00e9same por v\u00edctimas de accidente en Panam\u00e1"},"content":{"rendered":"<p> PANAM\u00c1, 11 Mar. 17 (ACI).-<br \/>\n\tLa Conferencia Episcopal Paname&ntilde;a (CEP), inform&oacute; este s&aacute;bado que el Papa Francisco expres&oacute; su dolor por las 18 v&iacute;ctimas que dej&oacute; la ca&iacute;da de un autob&uacute;s en la localidad de Ant&oacute;n el domingo 5 de marzo, y que ofrece sufragios por el descanso de los fallecidos.<\/p>\n<p style=\"text-align: justify\">\n\tSeg&uacute;n indic&oacute; la CEP en su sitio web, el Pont&iacute;fice envi&oacute; una nota al Obispo de la Prelatura de Bocas del Toro, Mons. An&iacute;bal Salda&ntilde;a, para manifestar que est&aacute; &ldquo;vivamente apenado al conocer la dolorosa noticia de la ca&iacute;da de un autob&uacute;s en un precipicio cerca de la localidad de Ant&oacute;n, que ha ocasionado 18 v&iacute;ctimas y numerosos heridos, ofrece sufragios por el eterno descanso de los difuntos&rdquo;.<\/p>\n<p style=\"text-align: justify\">\n\tLa carta lleva la fecha del 10 de marzo y el Papa Francisco ruega a Mons. Salda&ntilde;a que transmita &ldquo;el sentido p&eacute;same de su santidad a las familias de los fallecidos y al pueblo Ng&auml;be-Bugle?, al que muchos de ellos pertenecen, junto con expresiones de consuelo y viva solicitud para el pronto restablecimiento de los heridos&rdquo;.<\/p>\n<p style=\"text-align: justify\">\n\tCon estos sentimientos, el Papa Francisco les imparte de coraz&oacute;n la confortable bendici&oacute;n apost&oacute;lica, como signo de esperanza en el Se&ntilde;or Resucitado, concluye la nota, firmada por el Secretario de Estado Vaticano, Cardenal Pietro Parolin.<\/p>\n<p style=\"text-align: justify\">\n\tEl 5 de marzo un bus que transitaba por el puente sobre el R&iacute;o Las Guabas se sali&oacute; de la v&iacute;a y cay&oacute; al r&iacute;o. Seg&uacute;n la prensa, el veh&iacute;culo iba desde la provincia de Bocas del Toro hacia un &aacute;rea agr&iacute;cola en Chame.<\/p>\n<p style=\"text-align: justify\">\n\tSe indic&oacute; que en el bus no viajaban mujeres ni ni&ntilde;os, solo hombres de Kusap&iacute;n y Kanquint&uacute; de la comarca Ng&auml;be Bugl&eacute;. En total fallecieron 18 personas y otras 39 quedaron heridas.<\/p>\n<p style=\"text-align: justify\">\n\tTambi&eacute;n te puede interesar:<\/p>\n<p style=\"text-align: justify\">\n\t\tArzobispo pide a pol&iacute;ticos no utilizar la JMJ Panam&aacute; 2019 para fines electorales https:\/\/t.co\/YoxcszRmUF<\/p>\n<p>\t&mdash; ACI Prensa (@aciprensa) 7 de marzo de 2017<\/p>\n","protected":false},"excerpt":{"rendered":"<p>PANAM\u00c1, 11 Mar. 17 (ACI).- La Conferencia Episcopal Paname&ntilde;a (CEP), inform&oacute; este s&aacute;bado que el Papa Francisco expres&oacute; su dolor por las 18 v&iacute;ctimas que dej&oacute; la ca&iacute;da de un autob&uacute;s en la localidad de Ant&oacute;n el domingo 5 de marzo, y que ofrece sufragios por el descanso de los fallecidos. Seg&uacute;n indic&oacute; la CEP &hellip; <a href=\"https:\/\/www.biblia.work\/noticias\/papa-francisco-expresa-su-pesame-por-victimas-de-accidente-en-panama\/\" class=\"more-link\">Continuar leyendo<span class=\"screen-reader-text\"> \u00abPapa Francisco expresa su p\u00e9same por v\u00edctimas de accidente en Panam\u00e1\u00bb<\/span><\/a><\/p>\n","protected":false},"author":1,"featured_media":0,"comment_status":"open","ping_status":"closed","sticky":false,"template":"","format":"standard","meta":{"footnotes":""},"categories":[1],"tags":[],"class_list":["post-12647","post","type-post","status-publish","format-standard","hentry","category-general"],"_links":{"self":[{"href":"https:\/\/www.biblia.work\/noticias\/wp-json\/wp\/v2\/posts\/12647","targetHints":{"allow":["GET"]}}],"collection":[{"href":"https:\/\/www.biblia.work\/noticias\/wp-json\/wp\/v2\/posts"}],"about":[{"href":"https:\/\/www.biblia.work\/noticias\/wp-json\/wp\/v2\/types\/post"}],"author":[{"embeddable":true,"href":"https:\/\/www.biblia.work\/noticias\/wp-json\/wp\/v2\/users\/1"}],"replies":[{"embeddable":true,"href":"https:\/\/www.biblia.work\/noticias\/wp-json\/wp\/v2\/comments?post=12647"}],"version-history":[{"count":0,"href":"https:\/\/www.biblia.work\/noticias\/wp-json\/wp\/v2\/posts\/12647\/revisions"}],"wp:attachment":[{"href":"https:\/\/www.biblia.work\/noticias\/wp-json\/wp\/v2\/media?parent=12647"}],"wp:term":[{"taxonomy":"category","embeddable":true,"href":"https:\/\/www.biblia.work\/noticias\/wp-json\/wp\/v2\/categories?post=12647"},{"taxonomy":"post_tag","embeddable":true,"href":"https:\/\/www.biblia.work\/noticias\/wp-json\/wp\/v2\/tags?post=12647"}],"curies":[{"name":"wp","href":"https:\/\/api.w.org\/{rel}","templated":true}]}}