{"id":12655,"date":"2017-03-12T07:40:03","date_gmt":"2017-03-12T12:40:03","guid":{"rendered":"http:\/\/www.biblia.work\/noticias\/angelus-del-papa-el-senor-nos-indica-hacia-donde-lleva-la-cruz\/"},"modified":"2017-03-12T07:40:03","modified_gmt":"2017-03-12T12:40:03","slug":"angelus-del-papa-el-senor-nos-indica-hacia-donde-lleva-la-cruz","status":"publish","type":"post","link":"https:\/\/www.biblia.work\/noticias\/angelus-del-papa-el-senor-nos-indica-hacia-donde-lleva-la-cruz\/","title":{"rendered":"\u00c1ngelus del Papa: el Se\u00f1or nos indica hacia d\u00f3nde lleva la cruz"},"content":{"rendered":"<p> <img src='http:\/\/media02.radiovaticana.va\/photo\/2017\/03\/11\/RV23947_Thumbnail.jpg' alt='' align='left' hspace='5'> <\/p>\n<p>FLASH del &Aacute;ngelus del 12 de febrero de 2017, jesuita Guillermo Ortiz<\/p>\n<p><span><br \/>\n<audio class=\"video-js vjs-default-skin vjs-big-play-button-centered rv-custom-audio\" controls=\"\" id=\"audioItem_9861083\" preload=\"none\"><\/audio><br \/>\n<span class=\"rv-audio-download\"><a href=\"http:\/\/media02.radiovaticana.va\/audio\/audio2\/mp3\/00573440.mp3\" title=\"Download audio\"><img decoding=\"async\" src=\"http:\/\/es.radiovaticana.va\/Modules\/Presentation\/Styles\/images-common\/icons\/download-audio-mp3_off.png\" style=\"height: 30px\" \/><\/a><\/span> <\/span><\/p>\n<p>(Radio Vaticana).- &ldquo;Jes&uacute;s transfigurado en el monte Tabor quiso mostrar su gloria a sus disc&iacute;pulos, no para evitarles el pasar a trav&eacute;s de la cruz sino para indicarles a d&oacute;nde lleva la cruz&rdquo;, explic&oacute; Francisco.<\/p>\n<p>La luminosidad que caracteriza este evento extraordinario simboliza el objetivo &ndash; dijo el Obispo de Roma: &ldquo;iluminar las mentes y los corazones de sus disc&iacute;pulos para que puedan comprender claramente qui&eacute;n es el Maestro. Es un destello de luz que se abre de improviso sobre el misterio de Jes&uacute;s e ilumina toda su persona y toda su acci&oacute;n&rdquo;.<\/p>\n<p>Camino a Jerusal&eacute;n donde sufrir&aacute; la condena a muerte por crucifixi&oacute;n, &ldquo;Jes&uacute;s quiere preparar a los suyos a este esc&aacute;ndalo demasiado fuerte para su fe y al mismo tiempo anunciar su resurrecci&oacute;n, manifest&aacute;ndose como el Mes&iacute;as, el Hijo de Dios&rdquo;.<\/p>\n<p>En efecto &ndash;aclar&oacute; el Papa-, Jes&uacute;s se estaba manifestando como un Mes&iacute;as distinto respecto a las expectativas: no como un rey potente y glorioso sino como un servidor desarmado, un hombre pobre, c&eacute;libe y sin casa. Y afirm&oacute;: &ldquo;Pero es precisamente a trav&eacute;s de la cruz que Jes&uacute;s alcanzar&aacute; la gloriosa resurrecci&oacute;n. Quien muere con Cristo, con Cristo resurgir&aacute;. Quien lucha junto a &eacute;l, con &eacute;l triunfar&aacute;&rdquo;. &ldquo;En este tiempo de cuaresma contemplamos la cruz con devoci&oacute;n para comprender siempre m&aacute;s la gravedad del pecado y el valor del sacrificio con el que el Redentor nos ha salvado&rdquo;.<a target=\"_blank\" rel=\"nofollow\" href=\"https:\/\/twitter.com\/jesuitaGuillo\"> @jesuitaGuillo<\/a><\/p>\n<p><a href=\"http:\/\/es.radiovaticana.va\" target=\"_blank\" rel=\"nofollow\">Fuente: es.radiovaticana.va<\/a><\/p>\n","protected":false},"excerpt":{"rendered":"<p>FLASH del &Aacute;ngelus del 12 de febrero de 2017, jesuita Guillermo Ortiz (Radio Vaticana).- &ldquo;Jes&uacute;s transfigurado en el monte Tabor quiso mostrar su gloria a sus disc&iacute;pulos, no para evitarles el pasar a trav&eacute;s de la cruz sino para indicarles a d&oacute;nde lleva la cruz&rdquo;, explic&oacute; Francisco. La luminosidad que caracteriza este evento extraordinario simboliza &hellip; <a href=\"https:\/\/www.biblia.work\/noticias\/angelus-del-papa-el-senor-nos-indica-hacia-donde-lleva-la-cruz\/\" class=\"more-link\">Continuar leyendo<span class=\"screen-reader-text\"> \u00ab\u00c1ngelus del Papa: el Se\u00f1or nos indica hacia d\u00f3nde lleva la cruz\u00bb<\/span><\/a><\/p>\n","protected":false},"author":1,"featured_media":0,"comment_status":"open","ping_status":"closed","sticky":false,"template":"","format":"standard","meta":{"footnotes":""},"categories":[1],"tags":[],"class_list":["post-12655","post","type-post","status-publish","format-standard","hentry","category-general"],"_links":{"self":[{"href":"https:\/\/www.biblia.work\/noticias\/wp-json\/wp\/v2\/posts\/12655","targetHints":{"allow":["GET"]}}],"collection":[{"href":"https:\/\/www.biblia.work\/noticias\/wp-json\/wp\/v2\/posts"}],"about":[{"href":"https:\/\/www.biblia.work\/noticias\/wp-json\/wp\/v2\/types\/post"}],"author":[{"embeddable":true,"href":"https:\/\/www.biblia.work\/noticias\/wp-json\/wp\/v2\/users\/1"}],"replies":[{"embeddable":true,"href":"https:\/\/www.biblia.work\/noticias\/wp-json\/wp\/v2\/comments?post=12655"}],"version-history":[{"count":0,"href":"https:\/\/www.biblia.work\/noticias\/wp-json\/wp\/v2\/posts\/12655\/revisions"}],"wp:attachment":[{"href":"https:\/\/www.biblia.work\/noticias\/wp-json\/wp\/v2\/media?parent=12655"}],"wp:term":[{"taxonomy":"category","embeddable":true,"href":"https:\/\/www.biblia.work\/noticias\/wp-json\/wp\/v2\/categories?post=12655"},{"taxonomy":"post_tag","embeddable":true,"href":"https:\/\/www.biblia.work\/noticias\/wp-json\/wp\/v2\/tags?post=12655"}],"curies":[{"name":"wp","href":"https:\/\/api.w.org\/{rel}","templated":true}]}}