{"id":12659,"date":"2017-03-12T09:15:02","date_gmt":"2017-03-12T14:15:02","guid":{"rendered":"http:\/\/www.biblia.work\/noticias\/guatemala-cercania-del-papa-despues-del-incendio-en-un-hogar-para-adolescentes\/"},"modified":"2017-03-12T09:15:02","modified_gmt":"2017-03-12T14:15:02","slug":"guatemala-cercania-del-papa-despues-del-incendio-en-un-hogar-para-adolescentes","status":"publish","type":"post","link":"https:\/\/www.biblia.work\/noticias\/guatemala-cercania-del-papa-despues-del-incendio-en-un-hogar-para-adolescentes\/","title":{"rendered":"Guatemala: cercan\u00eda del Papa despu\u00e9s del incendio en un hogar para adolescentes"},"content":{"rendered":"<div class=\"entry-container\">\n<div class=\"entry-content\">\n<p style=\"text-align: justify\">En el \u00e1ngelus del 12 de marzo 2017, el papa francisco ha expresado su \u201ccercan\u00eda\u201d al pueblo de Guatemala afligido por el \u201cgrave y triste incendio\u201d sucedido hace unos d\u00edas en un hogar para menores, habiendo unas 39 v\u00edctimas entre las chicas que all\u00ed viv\u00edan.<\/p>\n<p style=\"text-align: justify\">El establecimiento \u201cVirgen de la Asunci\u00f3n\u201d, situado en San Jos\u00e9 Pinuelo cerca de la capital de Guatemala, acog\u00eda a j\u00f3venes v\u00edctimas de violencia familiar o sin domicilio. Pero los anfitriones se hab\u00edan quejado recientemente de maltrato. Una veintena de adolescentes, est\u00e1n todav\u00eda en estado cr\u00edtico despu\u00e9s de la tragedia del 8 de marzo.<\/p>\n<p style=\"text-align: justify\">\u201cQue el se\u00f1or acoja sus almas, cure la heridas, consuele a sus familias en duelo \u00a0y a toda la naci\u00f3n\u201d, ha declarado el papa desde la Plaza San Pedro. Luego ha llamado a orar por todos los j\u00f3venes v\u00edctimas de la violencia en el mundo, un \u201cazote\u201d que no puede ser ignorado.<\/p>\n<\/div>\n<\/div>\n<footer class=\"entry-footer\">\n<div id=\"sharelinks\" class=\"share-icons\"><\/div>\n<\/footer>\n<p><span class=\"et_bloom_bottom_trigger\"><\/span><\/p>\n<p><a href=\"https:\/\/es.zenit.org\/\" target=\"_blank\" rel=\"nofollow\">Fuente: es.zenit.org<\/a><\/p>\n","protected":false},"excerpt":{"rendered":"<p>En el \u00e1ngelus del 12 de marzo 2017, el papa francisco ha expresado su \u201ccercan\u00eda\u201d al pueblo de Guatemala afligido por el \u201cgrave y triste incendio\u201d sucedido hace unos d\u00edas en un hogar para menores, habiendo unas 39 v\u00edctimas entre las chicas que all\u00ed viv\u00edan. El establecimiento \u201cVirgen de la Asunci\u00f3n\u201d, situado en San Jos\u00e9 &hellip; <a href=\"https:\/\/www.biblia.work\/noticias\/guatemala-cercania-del-papa-despues-del-incendio-en-un-hogar-para-adolescentes\/\" class=\"more-link\">Continuar leyendo<span class=\"screen-reader-text\"> \u00abGuatemala: cercan\u00eda del Papa despu\u00e9s del incendio en un hogar para adolescentes\u00bb<\/span><\/a><\/p>\n","protected":false},"author":1,"featured_media":0,"comment_status":"open","ping_status":"closed","sticky":false,"template":"","format":"standard","meta":{"footnotes":""},"categories":[1],"tags":[],"class_list":["post-12659","post","type-post","status-publish","format-standard","hentry","category-general"],"_links":{"self":[{"href":"https:\/\/www.biblia.work\/noticias\/wp-json\/wp\/v2\/posts\/12659","targetHints":{"allow":["GET"]}}],"collection":[{"href":"https:\/\/www.biblia.work\/noticias\/wp-json\/wp\/v2\/posts"}],"about":[{"href":"https:\/\/www.biblia.work\/noticias\/wp-json\/wp\/v2\/types\/post"}],"author":[{"embeddable":true,"href":"https:\/\/www.biblia.work\/noticias\/wp-json\/wp\/v2\/users\/1"}],"replies":[{"embeddable":true,"href":"https:\/\/www.biblia.work\/noticias\/wp-json\/wp\/v2\/comments?post=12659"}],"version-history":[{"count":0,"href":"https:\/\/www.biblia.work\/noticias\/wp-json\/wp\/v2\/posts\/12659\/revisions"}],"wp:attachment":[{"href":"https:\/\/www.biblia.work\/noticias\/wp-json\/wp\/v2\/media?parent=12659"}],"wp:term":[{"taxonomy":"category","embeddable":true,"href":"https:\/\/www.biblia.work\/noticias\/wp-json\/wp\/v2\/categories?post=12659"},{"taxonomy":"post_tag","embeddable":true,"href":"https:\/\/www.biblia.work\/noticias\/wp-json\/wp\/v2\/tags?post=12659"}],"curies":[{"name":"wp","href":"https:\/\/api.w.org\/{rel}","templated":true}]}}