{"id":12661,"date":"2017-03-12T10:15:02","date_gmt":"2017-03-12T15:15:02","guid":{"rendered":"http:\/\/www.biblia.work\/noticias\/los-jovenes-victimas-de-violenciagrito-escondido-que-no-podemos-seguir-ignorando\/"},"modified":"2017-03-12T10:15:02","modified_gmt":"2017-03-12T15:15:02","slug":"los-jovenes-victimas-de-violenciagrito-escondido-que-no-podemos-seguir-ignorando","status":"publish","type":"post","link":"https:\/\/www.biblia.work\/noticias\/los-jovenes-victimas-de-violenciagrito-escondido-que-no-podemos-seguir-ignorando\/","title":{"rendered":"Los j\u00f3venes v\u00edctimas de violencia\u201dgrito escondido\u201d que no podemos seguir ignorando"},"content":{"rendered":"<p style=\"text-align: justify\">El papa Francisco ha llamado con fuerza a orar por los j\u00f3venes v\u00edctimas de violencia, un &#8220;grito oculto&#8221; que no podemos ignorar, en el \u00e1ngelus del 12 de marzo de 2017.<\/p>\n<p style=\"text-align: justify\">Despu\u00e9s de la oraci\u00f3n mariana en la Plaza San Pedro el papa evoca el incendio que ha provocado al menos 39 v\u00edctimas en un hogar de chicas en Guatemala, el 8 de marzo. Estas chicas que se quejaban de maltratos antes de la tragedia, fueron recibidas en el establecimiento como menores v\u00edctimas de violencia.<\/p>\n<p style=\"text-align: justify\">&#8221; Oro y os pido que or\u00e9is conmigo, por todas las chicas y todos los j\u00f3venes v\u00edctimas de violencia, de maltratos, de explotaci\u00f3n y de guerras&#8221; ha dicho el papa. Y de insistir&#8221; es un azote, es un grito oculto que debemos escuchar todos \u00a0y que no podemos continuar haciendo que no vemos ni escuchamos&#8221;.<\/p>\n<p style=\"text-align: justify\"><strong>Palabras despu\u00e9s del \u00e1ngelus<\/strong><\/p>\n<p style=\"text-align: justify\">Queridos hermanos y hermanas,<\/p>\n<p style=\"text-align: justify\">He expresado mi cercan\u00eda al pueblo de Guatemala, afligido por el grave y triste incendio que se ha producido en el seno de la casa Refugio &#8220;Virgen de la Asunci\u00f3n&#8221;, causando v\u00edctimas y heridos entre las chicas que viv\u00edan all\u00ed. Que el se\u00f1or acoja sus almas, cure las heridas, consuele a sus familias afligidas y a toda la naci\u00f3n. Oro tambi\u00e9n y os pido que or\u00e9is conmigo por todas las chicas y todos los j\u00f3venes \u00a0v\u00edctimas de violencia, de maltrato, de explotaci\u00f3n y de guerras. Es un azote y un grito oculto que tenemos que o\u00edr y que no podemos continuar ignor\u00e1ndolo, como que no vemos ni o\u00edmos.<\/p>\n<p style=\"text-align: justify\">Dirijo un saludo cordial a vosotros aqu\u00ed presentes, fieles de Roma y de diferentes rincones del mundo.<\/p>\n<p style=\"text-align: justify\">Saludo a los peregrinos de Friburgo y de Mannheim, en Alemania, lo mismo que a los peregrinos del L\u00edbano y a los maratonianos de Portugal.<\/p>\n<p style=\"text-align: justify\">Saludos a los grupos parroquiales provenientes de Gioiosa, Ionica y Pachino, los j\u00f3venes de Lodi que se preparan a la &#8220;Profesi\u00f3n de fe&#8221;, los estudiantes de Dalmine y Busto Arsizio; Es verdad lo que dec\u00eds &#8220;no a la cultura del loco suelto&#8221;(\u00e9l lee la banderola); y al coro de j\u00f3venes &#8220;Goccia dopo goccia&#8221; de Bergamo.<\/p>\n<p style=\"text-align: justify\">A todos os deseo un buen domingo. Por favor, no os olvid\u00e9is de orar por mi. Buen apetito, hasta luego!<\/p>\n<p style=\"text-align: justify\">&nbsp;<\/p>\n<p style=\"text-align: justify\">&nbsp;<\/p>\n<p><span class=\"et_bloom_bottom_trigger\"><\/span><\/p>\n<p><a href=\"https:\/\/es.zenit.org\/\" target=\"_blank\" rel=\"nofollow\">Fuente: es.zenit.org<\/a><\/p>\n","protected":false},"excerpt":{"rendered":"<p>El papa Francisco ha llamado con fuerza a orar por los j\u00f3venes v\u00edctimas de violencia, un &#8220;grito oculto&#8221; que no podemos ignorar, en el \u00e1ngelus del 12 de marzo de 2017. Despu\u00e9s de la oraci\u00f3n mariana en la Plaza San Pedro el papa evoca el incendio que ha provocado al menos 39 v\u00edctimas en un &hellip; <a href=\"https:\/\/www.biblia.work\/noticias\/los-jovenes-victimas-de-violenciagrito-escondido-que-no-podemos-seguir-ignorando\/\" class=\"more-link\">Continuar leyendo<span class=\"screen-reader-text\"> \u00abLos j\u00f3venes v\u00edctimas de violencia\u201dgrito escondido\u201d que no podemos seguir ignorando\u00bb<\/span><\/a><\/p>\n","protected":false},"author":1,"featured_media":0,"comment_status":"open","ping_status":"closed","sticky":false,"template":"","format":"standard","meta":{"footnotes":""},"categories":[1],"tags":[],"class_list":["post-12661","post","type-post","status-publish","format-standard","hentry","category-general"],"_links":{"self":[{"href":"https:\/\/www.biblia.work\/noticias\/wp-json\/wp\/v2\/posts\/12661","targetHints":{"allow":["GET"]}}],"collection":[{"href":"https:\/\/www.biblia.work\/noticias\/wp-json\/wp\/v2\/posts"}],"about":[{"href":"https:\/\/www.biblia.work\/noticias\/wp-json\/wp\/v2\/types\/post"}],"author":[{"embeddable":true,"href":"https:\/\/www.biblia.work\/noticias\/wp-json\/wp\/v2\/users\/1"}],"replies":[{"embeddable":true,"href":"https:\/\/www.biblia.work\/noticias\/wp-json\/wp\/v2\/comments?post=12661"}],"version-history":[{"count":0,"href":"https:\/\/www.biblia.work\/noticias\/wp-json\/wp\/v2\/posts\/12661\/revisions"}],"wp:attachment":[{"href":"https:\/\/www.biblia.work\/noticias\/wp-json\/wp\/v2\/media?parent=12661"}],"wp:term":[{"taxonomy":"category","embeddable":true,"href":"https:\/\/www.biblia.work\/noticias\/wp-json\/wp\/v2\/categories?post=12661"},{"taxonomy":"post_tag","embeddable":true,"href":"https:\/\/www.biblia.work\/noticias\/wp-json\/wp\/v2\/tags?post=12661"}],"curies":[{"name":"wp","href":"https:\/\/api.w.org\/{rel}","templated":true}]}}