{"id":12670,"date":"2017-03-13T03:15:03","date_gmt":"2017-03-13T08:15:03","guid":{"rendered":"http:\/\/www.biblia.work\/noticias\/francisco-en-otra-parroquia-romana-predica-el-rostro-luminoso-y-el-desfigurado-en-la-cruz\/"},"modified":"2017-03-13T03:15:03","modified_gmt":"2017-03-13T08:15:03","slug":"francisco-en-otra-parroquia-romana-predica-el-rostro-luminoso-y-el-desfigurado-en-la-cruz","status":"publish","type":"post","link":"https:\/\/www.biblia.work\/noticias\/francisco-en-otra-parroquia-romana-predica-el-rostro-luminoso-y-el-desfigurado-en-la-cruz\/","title":{"rendered":"Francisco en otra parroquia romana predica \u2018el rostro luminoso\u2019 y el \u2018desfigurado en la Cruz\u2019"},"content":{"rendered":"<p style=\"text-align: justify\">(ZENIT- Roma, 13 Mar. 2017).- El papa Francisco ha visitado este domingo 12 de marzo, el segundo de cuaresma, la parroquia de Santa Magdalena de Canossa, situada en la periferia noroccidental de Roma, en la \u2018Borgata Ottavia\u2019, realizando as\u00ed su 14\u00ba visita pastoral a las parroquias de su di\u00f3cesis.<\/p>\n<p style=\"text-align: justify\">Una visita que el Santo Padre ha realizado\u00a0en el per\u00edodo de cuaresma, dos d\u00edas despu\u00e9s de concluir los ejercicios espirituales. Cuando Francisco lleg\u00f3 poco antes de las 16 horas, los parroquianos le recibieron en el campo deportivo con gran afecto, mientras las campanas sonaban.<\/p>\n<p style=\"text-align: justify\">Convers\u00f3 con los ni\u00f1os del catecismo\u00a0que le hacen varias preguntan: \u00bfCu\u00e1ndo ha iniciado tu primer encuentro con Jes\u00fas? \u00bfEst\u00e1s contento de ser Papa o hubieras preferido ser sacerdote en una peque\u00f1a parroquia? \u00bfHay algo que te asusta o de causa miedo? \u00bfCu\u00e1les fueron los momentos m\u00e1s lindos de tu vida? &#8230; Somos demasiados smartphone, y a veces escuchamos poco a los otros, \u00bfC\u00f3mo podemos resolver este problema?<\/p>\n<p style=\"text-align: justify\">en la cripta salud\u00f3 a los ancianos y enfermos, en el teatro parroquial tuvo un encuentro con los esposos que bautizaron a sus hijos en el 2016. Salud\u00f3 tambi\u00e9n a los sacerdotes y di\u00e1conos, a algunas hermanas Hijas de la Caridad (Canosianas), celebr\u00f3 misa, confes\u00f3 a un adolescente, un joven, un hombre y a una mujer. La misa presidida por el Santo Padre fue concelebrada por los sacerdotes de la parroquia y vicar\u00eda.<\/p>\n<p style=\"text-align: justify\">En su homil\u00eda el Santo Padre\u00a0coment\u00f3\u00a0el Evangelio del d\u00eda, se\u00f1al\u00f3 el rostro transfigurado, \u201cluminoso y brillante de Jes\u00fas\u201d, pero tambi\u00e9n del rostro de dolor en la cruz, \u201cfeo, desfigurado, torturado, despreciado, ensangrentado por la corona de espinas&#8230; Todo el cuerpo de Jes\u00fas ser\u00e1 como una cosa para descartar\u201d.<\/p>\n<p style=\"text-align: justify\">Y el Pont\u00edfice se\u00f1ala: \u201cQu\u00e9 fea cosa\u201d, hablar de los pecados de los otros, e invit\u00f3 a mirar los propios pecados, porque \u201ceste es el camino de la pascua\u201d.<\/p>\n<p style=\"text-align: justify\">Francisco invita as\u00ed a mirar el rostro del Salvador en esos dos momentos, de transfiguraci\u00f3n y de dolor, los cuales \u201cnos animan para ir hacia adelante en el camino de la vida cristiana\u201d, y a \u201cpedir perd\u00f3n de nuestros pecados y a no pecar tanto. Nos anima sobre todo a tener confianza porque si \u00c9l se ha hecho pecado es porque ha tomado sobre s\u00ed los nuestros. Y \u00c9l est\u00e1 siempre dispuesto a perdonarnos\u201d, reitera el Papa y precisa: \u201csolamente tenemos que pedirlo\u201d. Porque &#8220;ha pagado por nosotros y lo ha hecho por amor&#8221;.<\/p>\n<p style=\"text-align: justify\">La parroquia tiene varios grupos que realizan actividades, como \u201cMisiones\u201d, con un proyecto de los canosianos de \u201cCasa Amiga\u201d en Brasil. En esta periferia urbana de Roma, la C\u00e1ritas realiza una importante labor, en particular con los j\u00f3venes y personas que han perdido en trabajo, distribuyendo alimentos dos veces al mes.<\/p>\n<p><span class=\"et_bloom_bottom_trigger\"><\/span><\/p>\n<p><a href=\"https:\/\/es.zenit.org\/\" target=\"_blank\" rel=\"nofollow\">Fuente: es.zenit.org<\/a><\/p>\n","protected":false},"excerpt":{"rendered":"<p>(ZENIT- Roma, 13 Mar. 2017).- El papa Francisco ha visitado este domingo 12 de marzo, el segundo de cuaresma, la parroquia de Santa Magdalena de Canossa, situada en la periferia noroccidental de Roma, en la \u2018Borgata Ottavia\u2019, realizando as\u00ed su 14\u00ba visita pastoral a las parroquias de su di\u00f3cesis. Una visita que el Santo Padre &hellip; <a href=\"https:\/\/www.biblia.work\/noticias\/francisco-en-otra-parroquia-romana-predica-el-rostro-luminoso-y-el-desfigurado-en-la-cruz\/\" class=\"more-link\">Continuar leyendo<span class=\"screen-reader-text\"> \u00abFrancisco en otra parroquia romana predica \u2018el rostro luminoso\u2019 y el \u2018desfigurado en la Cruz\u2019\u00bb<\/span><\/a><\/p>\n","protected":false},"author":1,"featured_media":0,"comment_status":"open","ping_status":"closed","sticky":false,"template":"","format":"standard","meta":{"footnotes":""},"categories":[1],"tags":[],"class_list":["post-12670","post","type-post","status-publish","format-standard","hentry","category-general"],"_links":{"self":[{"href":"https:\/\/www.biblia.work\/noticias\/wp-json\/wp\/v2\/posts\/12670","targetHints":{"allow":["GET"]}}],"collection":[{"href":"https:\/\/www.biblia.work\/noticias\/wp-json\/wp\/v2\/posts"}],"about":[{"href":"https:\/\/www.biblia.work\/noticias\/wp-json\/wp\/v2\/types\/post"}],"author":[{"embeddable":true,"href":"https:\/\/www.biblia.work\/noticias\/wp-json\/wp\/v2\/users\/1"}],"replies":[{"embeddable":true,"href":"https:\/\/www.biblia.work\/noticias\/wp-json\/wp\/v2\/comments?post=12670"}],"version-history":[{"count":0,"href":"https:\/\/www.biblia.work\/noticias\/wp-json\/wp\/v2\/posts\/12670\/revisions"}],"wp:attachment":[{"href":"https:\/\/www.biblia.work\/noticias\/wp-json\/wp\/v2\/media?parent=12670"}],"wp:term":[{"taxonomy":"category","embeddable":true,"href":"https:\/\/www.biblia.work\/noticias\/wp-json\/wp\/v2\/categories?post=12670"},{"taxonomy":"post_tag","embeddable":true,"href":"https:\/\/www.biblia.work\/noticias\/wp-json\/wp\/v2\/tags?post=12670"}],"curies":[{"name":"wp","href":"https:\/\/api.w.org\/{rel}","templated":true}]}}