{"id":12672,"date":"2017-03-13T07:15:02","date_gmt":"2017-03-13T12:15:02","guid":{"rendered":"http:\/\/www.biblia.work\/noticias\/francisco-inicia-hoy-el-cuarto-ano-de-pontificado-gracias-santo-padre\/"},"modified":"2017-03-13T07:15:02","modified_gmt":"2017-03-13T12:15:02","slug":"francisco-inicia-hoy-el-cuarto-ano-de-pontificado-gracias-santo-padre","status":"publish","type":"post","link":"https:\/\/www.biblia.work\/noticias\/francisco-inicia-hoy-el-cuarto-ano-de-pontificado-gracias-santo-padre\/","title":{"rendered":"Francisco inicia hoy el cuarto a\u00f1o de pontificado. \u00a1Gracias Santo Padre!"},"content":{"rendered":"<p style=\"text-align: justify\">(ZENIT &#8211; Ciudad del Vaticano, 13 Mar. 2017).- Al anochecer de cuatro a\u00f1os atr\u00e1s, tras el humo blanco que sali\u00f3 de la chimenea de la Capilla Sixtina, el carmarlengo papal, Mons. Jean Louis Tauran desde el balc\u00f3n de la logia de san Pedro dio el esperado anunci\u00f3: &#8220;\u00a1<em>Habemus papam<\/em>!&#8221;.<\/p>\n<p style=\"text-align: justify\">Despert\u00f3 as\u00ed la primera ovaci\u00f3n de la multitud que a continuaci\u00f3n y por un instante qued\u00f3 enmudecida tomada por el suspenso, mientras el camarlengo prosegu\u00eda: \u00a0<em>&#8220;Eminentissimum ac reverendissimum Dominum, Dominum Giorgium Marium, \u00a0Sanct\u00e6 Roman\u00e6 Ecclesi\u00e6 Cardinalem Bergoglio, qui sibi nomi imposuit: Franciscum&#8221;<\/em>.<\/p>\n<p style=\"text-align: justify\">Comienza\u00a0as\u00ed con un primer &#8220;\u00a1<em>Buona sera<\/em>&#8220;, y la misa de inicio de pontificado\u00a0el 19 de marzo de 2013, solemnidad de san Jos\u00e9, el papado\u00a0de Francisco\u00a0primero con ese\u00a0nombre, el primer jesuita y el primero proveniente del hemisferio sur. Del primer pont\u00edfice originario de Am\u00e9rica y el primero no europeo dese el a\u00f1o 741.<\/p>\n<p style=\"text-align: justify\">Un pontificado que despert\u00f3 gran entusiasmo en todo el mundo as\u00ed como la atenci\u00f3n de los periodistas, de un cardenal de Buenos Aires\u00a0que hasta entonces hab\u00eda siempre tenido una relaci\u00f3n dif\u00edcil con los medios de comunicaci\u00f3n, pero que ya siendo Pont\u00edfice ha viajado con los corresponsales\u00a0en los viajes apost\u00f3licos, dando rueda de prensa y respondiendo cara a cara.<\/p>\n<p style=\"text-align: justify\">Francisco al recibir a los cardenales el 12 de diciembre de 2016, <span style=\"color: #3366ff\">hizo un balance de sus cuatro a\u00f1os de pontificado<\/span>, precisando entretanto\u00a0que las reformas, a partir\u00a0de la Curia, \u201cno se realiza cambiando gente\u201d, sino principalmente \u201ccon la conversi\u00f3n de las personas\u201d.<\/p>\n<p style=\"text-align: justify\">Pero los aspectos nuevos son muchos, demasiados para un art\u00edculo, partiendo desde sus homil\u00edas cotidianas en la residencia Santa Marta, en donde ha desempolvado\u00a0algunas verdades olvidadas, muchas veces simples, como ver a Jes\u00fas en el pr\u00f3jimo especialmente en el m\u00e1s necesitado, no hablar mal de los otros, retribuir debidamente\u00a0a los empleados del hogar, o cuando marido y mujer\u00a0pelean, hacer la paz antes de concluir el d\u00eda.<\/p>\n<p style=\"text-align: justify\">Adem\u00e1s de los grandes temas y eventos, \u00a0primero en 2016 con la enc\u00edclica\u00a0<em>Lumen Fidei<\/em>, seguida el mismo a\u00f1o por\u00a0la exhortaci\u00f3n apost\u00f3lica, <em>Evangelii Gaudium<\/em>, y\u00a0como conclusi\u00f3n en el 2016 de\u00a0los dos s\u00ednodos sobre la familia la exhortaci\u00f3n\u00a0<em>Amoris Laetitia.<\/em><\/p>\n<p style=\"text-align: justify\">Otro tema que ha involucrado a toda la comunidad internacional y con gran repercusi\u00f3n ha sido la carta enc\u00edclica<em> Laudato Si<\/em>&#8216;, sin olvidar la <em>Vultum Dei quarere<\/em>, sobre la vida contemplativa femenina.<\/p>\n<p style=\"text-align: justify\">Se suma el <em>Jubileo de la Misericordia<\/em> convocato oficialmente con la publicaci\u00f3n de una bula\u00a0el 11 de abril de 2015 y que inici\u00f3\u00a08 de diciembre, solemnidad de la Inmaculada Concepci\u00f3n y concluy\u00f3\u00a0el 20 de noviembre de 2016. Un papa que no deja de sorprender y que nos invita a todos, siempre a cuestionarnos.<\/p>\n<p style=\"text-align: justify\">\u00a1Gracias papa Francisco!<\/p>\n<p><span class=\"et_bloom_bottom_trigger\"><\/span><\/p>\n<p><a href=\"https:\/\/es.zenit.org\/\" target=\"_blank\" rel=\"nofollow\">Fuente: es.zenit.org<\/a><\/p>\n","protected":false},"excerpt":{"rendered":"<p>(ZENIT &#8211; Ciudad del Vaticano, 13 Mar. 2017).- Al anochecer de cuatro a\u00f1os atr\u00e1s, tras el humo blanco que sali\u00f3 de la chimenea de la Capilla Sixtina, el carmarlengo papal, Mons. Jean Louis Tauran desde el balc\u00f3n de la logia de san Pedro dio el esperado anunci\u00f3: &#8220;\u00a1Habemus papam!&#8221;. Despert\u00f3 as\u00ed la primera ovaci\u00f3n de &hellip; <a href=\"https:\/\/www.biblia.work\/noticias\/francisco-inicia-hoy-el-cuarto-ano-de-pontificado-gracias-santo-padre\/\" class=\"more-link\">Continuar leyendo<span class=\"screen-reader-text\"> \u00abFrancisco inicia hoy el cuarto a\u00f1o de pontificado. \u00a1Gracias Santo Padre!\u00bb<\/span><\/a><\/p>\n","protected":false},"author":1,"featured_media":0,"comment_status":"open","ping_status":"closed","sticky":false,"template":"","format":"standard","meta":{"footnotes":""},"categories":[1],"tags":[],"class_list":["post-12672","post","type-post","status-publish","format-standard","hentry","category-general"],"_links":{"self":[{"href":"https:\/\/www.biblia.work\/noticias\/wp-json\/wp\/v2\/posts\/12672","targetHints":{"allow":["GET"]}}],"collection":[{"href":"https:\/\/www.biblia.work\/noticias\/wp-json\/wp\/v2\/posts"}],"about":[{"href":"https:\/\/www.biblia.work\/noticias\/wp-json\/wp\/v2\/types\/post"}],"author":[{"embeddable":true,"href":"https:\/\/www.biblia.work\/noticias\/wp-json\/wp\/v2\/users\/1"}],"replies":[{"embeddable":true,"href":"https:\/\/www.biblia.work\/noticias\/wp-json\/wp\/v2\/comments?post=12672"}],"version-history":[{"count":0,"href":"https:\/\/www.biblia.work\/noticias\/wp-json\/wp\/v2\/posts\/12672\/revisions"}],"wp:attachment":[{"href":"https:\/\/www.biblia.work\/noticias\/wp-json\/wp\/v2\/media?parent=12672"}],"wp:term":[{"taxonomy":"category","embeddable":true,"href":"https:\/\/www.biblia.work\/noticias\/wp-json\/wp\/v2\/categories?post=12672"},{"taxonomy":"post_tag","embeddable":true,"href":"https:\/\/www.biblia.work\/noticias\/wp-json\/wp\/v2\/tags?post=12672"}],"curies":[{"name":"wp","href":"https:\/\/api.w.org\/{rel}","templated":true}]}}