{"id":12676,"date":"2017-03-13T10:05:02","date_gmt":"2017-03-13T15:05:02","guid":{"rendered":"http:\/\/www.biblia.work\/noticias\/partido-espanol-de-izquierda-podemos-pide-quitar-la-misa-de-la-television-publica\/"},"modified":"2017-03-13T10:05:02","modified_gmt":"2017-03-13T15:05:02","slug":"partido-espanol-de-izquierda-podemos-pide-quitar-la-misa-de-la-television-publica","status":"publish","type":"post","link":"https:\/\/www.biblia.work\/noticias\/partido-espanol-de-izquierda-podemos-pide-quitar-la-misa-de-la-television-publica\/","title":{"rendered":"Partido espa\u00f1ol de izquierda Podemos pide quitar la Misa de la televisi\u00f3n p\u00fablica"},"content":{"rendered":"<p> MADRID, 13 Mar. 17 (ACI).-<br \/>\n\tEl secretario general del partido espa&ntilde;ol de izquierda Podemos, Pablo Iglesias, pidi&oacute; recientemente en el Congreso de los Diputados que se elimine la transmisi&oacute;n de la Santa Misa que el segundo canal de la Televisi&oacute;n p&uacute;blica espa&ntilde;ola, llamado La2, realiza desde hace d&eacute;cadas todos los domingos.<\/p>\n<p style=\"text-align: justify\">\n\tEl pol&iacute;tico argument&oacute; que &ldquo;en Espa&ntilde;a conviven personas de muchas ideolog&iacute;as y de distintas creencias religiosas: cat&oacute;licas, islamistas, evangelistas, ortodoxas, ateas, agn&oacute;sticas o jud&iacute;as&rdquo; y que &ldquo;los medios de comunicaci&oacute;n p&uacute;blica no son un espacio para que se lleven a cabo ritos religiosos de cualquier tipo&rdquo; porque &ldquo;Espa&ntilde;a es un pa&iacute;s aconfesional&rdquo;.<\/p>\n<p style=\"text-align: justify\">\n\tLa Misa en La2 es el programa m&aacute;s visto de la cadena p&uacute;blica durante el fin de semana.<\/p>\n<p style=\"text-align: justify\">\n\tSeg&uacute;n apunta el diario El Confidencial, del 1 de septiembre al 9 de marzo, la Misa tuvo un promedio de 327 mil espectadores. De ese modo la transmisi&oacute;n de la Eucarist&iacute;a casi todos los meses triplica la media de telespectadores del canal.<\/p>\n<p style=\"text-align: justify\">\n\tEl P. Javier Valiente, sacerdote salesiano y subdirector del programa El D&iacute;a del Se&ntilde;or, en el que se inserta la emisi&oacute;n de la Santa Misa de La2, public&oacute; en su cuenta de Facebook una defensa y explicaci&oacute;n de la importancia de su retransmisi&oacute;n.<\/p>\n<p style=\"text-align: justify\">\n\t&ldquo;El programa &lsquo;El D&iacute;a del Se&ntilde;or&rsquo; es uno de los m&aacute;s antiguos de Televisi&oacute;n Espa&ntilde;ola. Adem&aacute;s, es un programa que est&aacute; en la mayor&iacute;a de los pa&iacute;ses de nuestro entorno, no somos una excepci&oacute;n. En algunos hasta con el mismo nombre&rdquo;, explica el sacerdote.<\/p>\n<p style=\"text-align: justify\">\n\tTodas las televisiones p&uacute;blicas europeas retransmiten Misas cat&oacute;licas y algunas de estas televisiones las ofrecen para que los dem&aacute;s canales p&uacute;blicos europeos puedan emitirlas. &ldquo;Alguna vez habr&eacute;is visto misas desde Irlanda, Francia, Suiza, Holanda&#8230; vamos que, de quitarla, los raros ser&iacute;amos nosotros&rdquo;, asegura en su cuenta de Facebook el sacerdote.<\/p>\n<p style=\"text-align: justify\">\n\tEl P. Valiente explica que esta retransmisi&oacute;n &ldquo;no se trata de un privilegio de la Iglesia Cat&oacute;lica. Seg&uacute;n la implantaci&oacute;n de las distintas confesiones religiosas en cada pa&iacute;s, las televisiones p&uacute;blicas dedican espacios a los diferentes credos&rdquo;.<\/p>\n<p style=\"text-align: justify\">\n\tEn la televisi&oacute;n p&uacute;blica en Espa&ntilde;a, en sus canales principales La1 y La2, tienen espacio el Islam, Iglesia Evang&eacute;lica, Comunidad Jud&iacute;a y los Cat&oacute;licos. &ldquo;Son espacios de servicio p&uacute;blico, cada confesi&oacute;n decide los contenidos y TVE, los profesionales y la infraestructura t&eacute;cnica para que se puedan desarrollar&rdquo;, asegura.<\/p>\n<p style=\"text-align: justify\">\n\tAdem&aacute;s precisa que estos programas de informaci&oacute;n sobre las distintas religiones &ldquo;tienen raz&oacute;n de ser en funci&oacute;n de la vocaci&oacute;n de servicio p&uacute;blico que ha de tener una televisi&oacute;n que pagamos entre todos. Los cat&oacute;licos tambi&eacute;n pagan los impuestos con los que se mantiene la televisi&oacute;n p&uacute;blica&rdquo;.<\/p>\n<p style=\"text-align: justify\">\n\tEn la propuesta presentada por Podemos en el Congreso se pide que se elimine la Santa Misa porque la televisi&oacute;n p&uacute;blica debe buscar la &quot;absoluta neutralidad en materia de ideolog&iacute;as, religi&oacute;n o creencias&rdquo;.<\/p>\n<p style=\"text-align: justify\">\n\tA lo que el sacerdote responde: &ldquo;&iexcl;C&oacute;mo si en casi todos los programas no se transmitieran creencias o ideolog&iacute;a! Pel&iacute;culas, publicidad, series, programas de entretenimiento, canciones&#8230; est&aacute;n transmitiendo creencias, formas de entender la vida, una visi&oacute;n del mundo, de las personas, valores. Es lo que hace la televisi&oacute;n y cualquier medio de comunicaci&oacute;n&rdquo;.<\/p>\n<p style=\"text-align: justify\">\n\tSeg&uacute;n los criterios propuestos por Podemos, el director de &ldquo;El D&iacute;a del Se&ntilde;or&rdquo; asegura tan solo &ldquo;habr&iacute;a que dejar la informaci&oacute;n sobre el tiempo&rdquo;.<\/p>\n<p style=\"text-align: justify\">\n\t&ldquo;La televisi&oacute;n p&uacute;blica debe dar cabida a todos, tambi&eacute;n al hecho religioso, que forma parte de la vida de las personas y no solo de su &aacute;mbito privado, sino de la esfera p&uacute;blica&rdquo;, asegura el P. Valiente.<\/p>\n<p style=\"text-align: justify\">\n\t&ldquo;Nosotros estamos convencidos de que no es solo para ver, sino para participar, para sentirse parte de una comunidad que celebra su fe. Y tienen derecho a ello. Hay muchos programas que tienen menos audiencia. Y todos deben seguir teniendo su espacio en la tele de todos, precisamente por eso, porque la tele p&uacute;blica tiene una finalidad diversa de las privadas&rdquo;.<\/p>\n<p style=\"text-align: justify\">\n\tAnte la pol&eacute;mica suscitada el sacerdote apunt&oacute; que en su opini&oacute;n, debe servir &ldquo;para que los cat&oacute;licos no demos todo por descontado&rdquo;.<\/p>\n<p style=\"text-align: justify\">\n\t&ldquo;Tenemos que hacer valer tambi&eacute;n nuestros derechos y movilizarnos para que sean respetados en el marco de una sociedad democr&aacute;tica, siempre con el di&aacute;logo y el respeto hacia otras opiniones, pero con la firmeza de las convicciones que defienden la pluralidad y la libertad. De todos, tambi&eacute;n la nuestra&rdquo;, concluye.<\/p>\n<p style=\"text-align: justify\">\n\tTambi&eacute;n te puede interesar: <\/p>\n<p style=\"text-align: justify\">\n\t\tEspa&ntilde;a: Lanzan campa&ntilde;a #RespetaMiFe para la tutela de sentimientos religiosos https:\/\/t.co\/z4THwCqA85<\/p>\n<p>\t&mdash; ACI Prensa (@aciprensa) 17 de noviembre de 2016<\/p>\n","protected":false},"excerpt":{"rendered":"<p>MADRID, 13 Mar. 17 (ACI).- El secretario general del partido espa&ntilde;ol de izquierda Podemos, Pablo Iglesias, pidi&oacute; recientemente en el Congreso de los Diputados que se elimine la transmisi&oacute;n de la Santa Misa que el segundo canal de la Televisi&oacute;n p&uacute;blica espa&ntilde;ola, llamado La2, realiza desde hace d&eacute;cadas todos los domingos. El pol&iacute;tico argument&oacute; que &hellip; <a href=\"https:\/\/www.biblia.work\/noticias\/partido-espanol-de-izquierda-podemos-pide-quitar-la-misa-de-la-television-publica\/\" class=\"more-link\">Continuar leyendo<span class=\"screen-reader-text\"> \u00abPartido espa\u00f1ol de izquierda Podemos pide quitar la Misa de la televisi\u00f3n p\u00fablica\u00bb<\/span><\/a><\/p>\n","protected":false},"author":1,"featured_media":0,"comment_status":"open","ping_status":"closed","sticky":false,"template":"","format":"standard","meta":{"footnotes":""},"categories":[1],"tags":[],"class_list":["post-12676","post","type-post","status-publish","format-standard","hentry","category-general"],"_links":{"self":[{"href":"https:\/\/www.biblia.work\/noticias\/wp-json\/wp\/v2\/posts\/12676","targetHints":{"allow":["GET"]}}],"collection":[{"href":"https:\/\/www.biblia.work\/noticias\/wp-json\/wp\/v2\/posts"}],"about":[{"href":"https:\/\/www.biblia.work\/noticias\/wp-json\/wp\/v2\/types\/post"}],"author":[{"embeddable":true,"href":"https:\/\/www.biblia.work\/noticias\/wp-json\/wp\/v2\/users\/1"}],"replies":[{"embeddable":true,"href":"https:\/\/www.biblia.work\/noticias\/wp-json\/wp\/v2\/comments?post=12676"}],"version-history":[{"count":0,"href":"https:\/\/www.biblia.work\/noticias\/wp-json\/wp\/v2\/posts\/12676\/revisions"}],"wp:attachment":[{"href":"https:\/\/www.biblia.work\/noticias\/wp-json\/wp\/v2\/media?parent=12676"}],"wp:term":[{"taxonomy":"category","embeddable":true,"href":"https:\/\/www.biblia.work\/noticias\/wp-json\/wp\/v2\/categories?post=12676"},{"taxonomy":"post_tag","embeddable":true,"href":"https:\/\/www.biblia.work\/noticias\/wp-json\/wp\/v2\/tags?post=12676"}],"curies":[{"name":"wp","href":"https:\/\/api.w.org\/{rel}","templated":true}]}}