{"id":12682,"date":"2017-03-13T12:10:02","date_gmt":"2017-03-13T17:10:02","guid":{"rendered":"http:\/\/www.biblia.work\/noticias\/papa-confiesa-que-ha-dudado-de-la-existencia-de-dios\/"},"modified":"2017-03-13T12:10:02","modified_gmt":"2017-03-13T17:10:02","slug":"papa-confiesa-que-ha-dudado-de-la-existencia-de-dios","status":"publish","type":"post","link":"https:\/\/www.biblia.work\/noticias\/papa-confiesa-que-ha-dudado-de-la-existencia-de-dios\/","title":{"rendered":"Papa confiesa que ha dudado de la existencia de Dios"},"content":{"rendered":"<p style=\"text-align: justify\">ALEMANIA. &#8211; El Papa Francisco comparti\u00f3 una entrevista con el semanario alem\u00e1n <a target=\"_blank\" rel=\"nofollow\" href=\"http:\/\/www.zeit.de\/gesellschaft\/2017-03\/papst-franziskus-zeit-interview\">&#8216;Die Zeit&#8217; <\/a>su experiencia en los temas de crisis de fe. &#8220;Yo tambi\u00e9n conozco esos momentos de vac\u00edo&#8221;, dijo el pont\u00edfice al responder a la pregunta de que si hab\u00eda puesto en duda la existencia de Dios.<\/p>\n<p style=\"text-align: justify\">El Papa se\u00f1al\u00f3 que &#8220;las crisis tambi\u00e9n ofrecen oportunidades de crecimiento&#8221; y cualquier fe que no enfrenta periodos de crisis &#8220;permanece en un estado infantil&#8221;.<\/p>\n<p style=\"text-align: justify\">Durante la entrevista, la primera ofrecida a un medio de comunicaci\u00f3n alem\u00e1n desde que fue elegido Papa hace casi cuatro a\u00f1os, el l\u00edder de la Iglesia Cat\u00f3lica se define con un &#8220;pecador que comete errores&#8221;.<\/p>\n<p style=\"text-align: justify\">Por otra parte, el Papa Francisco asegur\u00f3 no se considera una persona especial, sino un fiel com\u00fan solamente. &#8220;No hay que olvidar que cualquier forma de idealizaci\u00f3n, que un ser humano siempre trae consigo, es una forma de agresi\u00f3n subliminal. Cuando me idealizan, me siento atacado&#8221;, dijo.<\/p>\n<p style=\"text-align: justify\">El Papa tambi\u00e9n habl\u00f3 sobre los peligros del populismo. &#8220;El populismo es un mal que siempre termina mal, como se ha demostrado en el pasado&#8221;, advirti\u00f3, a\u00f1adiendo que tales movimientos pol\u00edticos siempre tienen la necesidad de la figura de un &#8220;mes\u00edas&#8221; para tener \u00e9xito, lo cual, dijo, es incompatible con los valores cristianos.<\/p>\n<p style=\"text-align: justify\">La entrada <a rel=\"nofollow\" href=\"http:\/\/www.noticiacristiana.com\/educacion\/teologia\/2017\/03\/papa-confiesa-que-ha-dudado-de-la-existencia-de-dios.html\">Papa confiesa que ha dudado de la existencia de Dios<\/a> aparece primero en <a rel=\"nofollow\" href=\"http:\/\/www.noticiacristiana.com\">NoticiaCristiana.com<\/a>.<\/p>\n","protected":false},"excerpt":{"rendered":"<p>ALEMANIA. &#8211; El Papa Francisco comparti\u00f3 una entrevista con el semanario alem\u00e1n &#8216;Die Zeit&#8217; su experiencia en los temas de crisis de fe. &#8220;Yo tambi\u00e9n conozco esos momentos de vac\u00edo&#8221;, dijo el pont\u00edfice al responder a la pregunta de que si hab\u00eda puesto en duda la existencia de Dios. El Papa se\u00f1al\u00f3 que &#8220;las crisis &hellip; <a href=\"https:\/\/www.biblia.work\/noticias\/papa-confiesa-que-ha-dudado-de-la-existencia-de-dios\/\" class=\"more-link\">Continuar leyendo<span class=\"screen-reader-text\"> \u00abPapa confiesa que ha dudado de la existencia de Dios\u00bb<\/span><\/a><\/p>\n","protected":false},"author":1,"featured_media":0,"comment_status":"open","ping_status":"closed","sticky":false,"template":"","format":"standard","meta":{"footnotes":""},"categories":[1],"tags":[],"class_list":["post-12682","post","type-post","status-publish","format-standard","hentry","category-general"],"_links":{"self":[{"href":"https:\/\/www.biblia.work\/noticias\/wp-json\/wp\/v2\/posts\/12682","targetHints":{"allow":["GET"]}}],"collection":[{"href":"https:\/\/www.biblia.work\/noticias\/wp-json\/wp\/v2\/posts"}],"about":[{"href":"https:\/\/www.biblia.work\/noticias\/wp-json\/wp\/v2\/types\/post"}],"author":[{"embeddable":true,"href":"https:\/\/www.biblia.work\/noticias\/wp-json\/wp\/v2\/users\/1"}],"replies":[{"embeddable":true,"href":"https:\/\/www.biblia.work\/noticias\/wp-json\/wp\/v2\/comments?post=12682"}],"version-history":[{"count":0,"href":"https:\/\/www.biblia.work\/noticias\/wp-json\/wp\/v2\/posts\/12682\/revisions"}],"wp:attachment":[{"href":"https:\/\/www.biblia.work\/noticias\/wp-json\/wp\/v2\/media?parent=12682"}],"wp:term":[{"taxonomy":"category","embeddable":true,"href":"https:\/\/www.biblia.work\/noticias\/wp-json\/wp\/v2\/categories?post=12682"},{"taxonomy":"post_tag","embeddable":true,"href":"https:\/\/www.biblia.work\/noticias\/wp-json\/wp\/v2\/tags?post=12682"}],"curies":[{"name":"wp","href":"https:\/\/api.w.org\/{rel}","templated":true}]}}