{"id":12684,"date":"2017-03-13T12:15:02","date_gmt":"2017-03-13T17:15:02","guid":{"rendered":"http:\/\/www.biblia.work\/noticias\/congreso-de-la-comunidad-academica-del-celam-profundizo-sobre-la-evangelizacion-pedida-por-el-papa-francisco\/"},"modified":"2017-03-13T12:15:02","modified_gmt":"2017-03-13T17:15:02","slug":"congreso-de-la-comunidad-academica-del-celam-profundizo-sobre-la-evangelizacion-pedida-por-el-papa-francisco","status":"publish","type":"post","link":"https:\/\/www.biblia.work\/noticias\/congreso-de-la-comunidad-academica-del-celam-profundizo-sobre-la-evangelizacion-pedida-por-el-papa-francisco\/","title":{"rendered":"Congreso de la Comunidad Acad\u00e9mica del CELAM profundiz\u00f3 sobre la evangelizaci\u00f3n pedida por el papa Francisco"},"content":{"rendered":"<p style=\"text-align: justify\">(ZENIT &#8211; Bogot\u00e1).- Del 27 de febrero al 1ro. de marzo, tuvo lugar en Bogot\u00e1, Colombia, el II Encuentro de la Comunidad Acad\u00e9mica de dicha Escuela Social, cuya finalidad fue el favorecer el crecimiento de dicho grupo, como instancia para el discernir, concebir y consultar en comuni\u00f3n sobre la vida y el proceder de la instituci\u00f3n.<\/p>\n<p style=\"text-align: justify\">Durante el evento, los acad\u00e9micos contribuyeron al an\u00e1lisis de los diferentes programas de formaci\u00f3n, revisi\u00f3n del cronograma acad\u00e9mico 2017, de los proyectos de investigaci\u00f3n, del Observatorio Socio-Pastoral y la respuesta de la Escuela Social a organismos\u00a0\u00a0vinculados en cuanto a temas sociales y pastorales.<\/p>\n<p style=\"text-align: justify\"><span lang=\"es-MX\">Dicho encuentro internacional, dirigido por la directora de la Escuela, la Dra. Susana Nuin, cont\u00f3 con la participaci\u00f3n del P. Juan Carlos Scannone, de Argentina,\u00a0<\/span><span lang=\"es-CO\">Mar\u00eda Cristina Ventura, de Rep\u00fablica Dominicana, Marianela Curi, de Ecuador, Ana Mar\u00eda Bidegain, de Estados Unidos y Colombia, Hna. Cristina Robaina, de Uruguay, Cruz Prado de Costa Rica, Hna. Sara Sierra, de Colombia, Juan Manuel Hurtado, de M\u00e9xico, P. Carlos Arboleda, de Colombia, P. Carlos Ir\u00edas, de Nicaragua, Alberto Ivern, de Argentina y Lucas Cervi\u00f1o, de Argentina. El aporte a la Escuela Social de los mencionados investigadores y acad\u00e9micos de Am\u00e9rica Latina\u00a0<\/span><span lang=\"es-MX\">no solo se refleja en la formaci\u00f3n, sino tambi\u00e9n en el acompa\u00f1amiento a los procesos investigativos de an\u00e1lisis y cuestionamiento de la realidad actual que emprende la Escuela a trav\u00e9s de sus diplomados, maestr\u00eda y Observatorio Socio-Pastoral.<\/span><\/p>\n<p style=\"text-align: justify\">Durante este II Encuentro, se revis\u00f3 la propuesta formativa de la Maestr\u00eda en Doctrina Social de la Iglesia que ha puesto en marcha la Escuela Social del CELAM en conjunto con la Pontificia Universidad Javeriana de Bogot\u00e1 y que pretende\u00a0 dar visibilidad a las pr\u00e1cticas transformadoras existentes en Am\u00e9rica Latina y El Caribe y a la vez contribuir a alumbrar nuevas ideas, metodolog\u00edas y herramientas conceptuales necesarias para superar los graves problemas que aquejan a Am\u00e9rica Latina y El Caribe.<\/p>\n<p style=\"text-align: justify\"><span lang=\"es-MX\">El equipo de trabajo concluy\u00f3 que han sido eficientes los esfuerzos de la Escuela Social del CELAM por contribuir a la visualizaci\u00f3n de nuevos paradigmas, nuevos enfoques, nuevos horizontes que dan lugar a cambiar la realidad social.\u00a0<\/span><span lang=\"es-CO\">La Escuela Social ha consolidado una Comunidad Acad\u00e9mica en la que privilegia un esp\u00edritu de comuni\u00f3n, pero sobre todo, una preocupaci\u00f3n compartida por los problemas sociales de Am\u00e9rica Latina y El Caribe.<\/span><\/p>\n<p><span class=\"et_bloom_bottom_trigger\"><\/span><\/p>\n<p><a href=\"https:\/\/es.zenit.org\/\" target=\"_blank\" rel=\"nofollow\">Fuente: es.zenit.org<\/a><\/p>\n","protected":false},"excerpt":{"rendered":"<p>(ZENIT &#8211; Bogot\u00e1).- Del 27 de febrero al 1ro. de marzo, tuvo lugar en Bogot\u00e1, Colombia, el II Encuentro de la Comunidad Acad\u00e9mica de dicha Escuela Social, cuya finalidad fue el favorecer el crecimiento de dicho grupo, como instancia para el discernir, concebir y consultar en comuni\u00f3n sobre la vida y el proceder de la &hellip; <a href=\"https:\/\/www.biblia.work\/noticias\/congreso-de-la-comunidad-academica-del-celam-profundizo-sobre-la-evangelizacion-pedida-por-el-papa-francisco\/\" class=\"more-link\">Continuar leyendo<span class=\"screen-reader-text\"> \u00abCongreso de la Comunidad Acad\u00e9mica del CELAM profundiz\u00f3 sobre la evangelizaci\u00f3n pedida por el papa Francisco\u00bb<\/span><\/a><\/p>\n","protected":false},"author":1,"featured_media":0,"comment_status":"open","ping_status":"closed","sticky":false,"template":"","format":"standard","meta":{"footnotes":""},"categories":[1],"tags":[],"class_list":["post-12684","post","type-post","status-publish","format-standard","hentry","category-general"],"_links":{"self":[{"href":"https:\/\/www.biblia.work\/noticias\/wp-json\/wp\/v2\/posts\/12684","targetHints":{"allow":["GET"]}}],"collection":[{"href":"https:\/\/www.biblia.work\/noticias\/wp-json\/wp\/v2\/posts"}],"about":[{"href":"https:\/\/www.biblia.work\/noticias\/wp-json\/wp\/v2\/types\/post"}],"author":[{"embeddable":true,"href":"https:\/\/www.biblia.work\/noticias\/wp-json\/wp\/v2\/users\/1"}],"replies":[{"embeddable":true,"href":"https:\/\/www.biblia.work\/noticias\/wp-json\/wp\/v2\/comments?post=12684"}],"version-history":[{"count":0,"href":"https:\/\/www.biblia.work\/noticias\/wp-json\/wp\/v2\/posts\/12684\/revisions"}],"wp:attachment":[{"href":"https:\/\/www.biblia.work\/noticias\/wp-json\/wp\/v2\/media?parent=12684"}],"wp:term":[{"taxonomy":"category","embeddable":true,"href":"https:\/\/www.biblia.work\/noticias\/wp-json\/wp\/v2\/categories?post=12684"},{"taxonomy":"post_tag","embeddable":true,"href":"https:\/\/www.biblia.work\/noticias\/wp-json\/wp\/v2\/tags?post=12684"}],"curies":[{"name":"wp","href":"https:\/\/api.w.org\/{rel}","templated":true}]}}