{"id":12687,"date":"2017-03-13T13:05:02","date_gmt":"2017-03-13T18:05:02","guid":{"rendered":"http:\/\/www.biblia.work\/noticias\/directores-de-escuelas-rechazan-curriculo-con-ideologia-de-genero-del-gobierno-de-peru\/"},"modified":"2017-03-13T13:05:02","modified_gmt":"2017-03-13T18:05:02","slug":"directores-de-escuelas-rechazan-curriculo-con-ideologia-de-genero-del-gobierno-de-peru","status":"publish","type":"post","link":"https:\/\/www.biblia.work\/noticias\/directores-de-escuelas-rechazan-curriculo-con-ideologia-de-genero-del-gobierno-de-peru\/","title":{"rendered":"Directores de escuelas rechazan curr\u00edculo con ideolog\u00eda de g\u00e9nero del gobierno de Per\u00fa"},"content":{"rendered":"<p> LIMA, 13 Mar. 17 (ACI).-<br \/>\n\tDecenas de directores y subdirectores de escuelas e instituciones educativas de Arequipa, al sur de Per&uacute;, expresaron su rechazo al Curr&iacute;culo Nacional promovido por el gobierno, por contener &ldquo;postulados de la llamada ideolog&iacute;a de g&eacute;nero&rdquo;.<\/p>\n<p style=\"text-align: justify\">\n\tEn un comunicado difundido en la prensa local, las autoridades educativas expresaron &ldquo;nuestra protesta por el nuevo Curr&iacute;culo Nacional de Educaci&oacute;n B&aacute;sica y los libros de tutor&iacute;a que se aplicar&aacute;n el a&ntilde;o 2017 en todos los colegios del Per&uacute;&rdquo;.<\/p>\n<p style=\"text-align: justify\">\n\t\tDirectores y subdirectores de colegios de #Arequipa publican en medios fuerte protesta por Curr&iacute;culo x IG&eacute;nero &iexcl;Escucha Martens, Zavala,PPK! pic.twitter.com\/NXKA3SQB49<\/p>\n<p>\t&mdash; Per&uacute; defiendelavida (@Perudefensavida) 12 de marzo de 2017<\/p>\n<p style=\"text-align: justify\">\n\tEl Curr&iacute;culo Nacional de Educaci&oacute;n B&aacute;sica 2017 fue aprobado por el Ministerio de Educaci&oacute;n a fines del a&ntilde;o pasado, en medio de cr&iacute;ticas por incluir la ideolog&iacute;a de g&eacute;nero.<\/p>\n<p style=\"text-align: justify\">\n\tEl 23 de enero de este a&ntilde;o, en un comunicado, la Conferencia Episcopal Peruana dijo que &ldquo;urge la supresi&oacute;n en el nuevo Curr&iacute;culo Nacional de aquellas nociones provenientes de la ideolog&iacute;a de g&eacute;nero&rdquo;.<\/p>\n<p style=\"text-align: justify\">\n\tEl Gobierno ha negado repetidamente que el Curr&iacute;culo Nacional incluya ideolog&iacute;a de g&eacute;nero entre sus contenidos.<\/p>\n<p style=\"text-align: justify\">\n\tEl 4 de marzo, de acuerdo a sus organizadores, m&aacute;s de mill&oacute;n y medio de peruanos se manifestaron en las 24 regiones del pa&iacute;s contra la inclusi&oacute;n de esta ideolog&iacute;a en la educaci&oacute;n de los menores.<\/p>\n<p style=\"text-align: justify\">\n\tLos directores y subdirectores de escuelas de Arequipa advirtieron que tanto el Curr&iacute;culo Nacional como los libros de tutor&iacute;a, que se usar&aacute;n en la educaci&oacute;n de los menores durante 2017, &ldquo;tienen como objetivo principal deformar la conciencia de los ni&ntilde;os y ni&ntilde;as, haci&eacute;ndoles creer que el sexo biol&oacute;gico es irrelevante y que cada uno puede construir su identidad sexual, y cambiarla en el transcurso del tiempo, de modo independiente de su sexo&rdquo;.<\/p>\n<p style=\"text-align: justify\">\n\t&ldquo;Estos y otros son postulados de la llamada ideolog&iacute;a de g&eacute;nero, que promueve la homosexualidad y el aborto&rdquo;, aseguraron.<\/p>\n<p style=\"text-align: justify\">\n\tEsas ideas, advirtieron, &ldquo;atentan gravemente contra la dignidad de los ni&ntilde;os y contra el derecho de los padres a elegir la educaci&oacute;n que desean para sus hijos, entre otros derechos humanos fundamentales&rdquo;.<\/p>\n<p style=\"text-align: justify\">\n\tLas decenas de autoridades educativas indicaron que &ldquo;no queremos que se colonice a nuestros alumnos con la ideolog&iacute;a de g&eacute;nero, que adem&aacute;s es ajena a nuestra identidad nacional&rdquo;.<\/p>\n<p style=\"text-align: justify\">\n\t&ldquo;Queremos educarlos en base a la correcta antropolog&iacute;a, respetuosa de la ley natural y la dignidad humana&rdquo;, concluyeron.<\/p>\n<p style=\"text-align: justify\">\n\tTambi&eacute;n te puede interesar:<\/p>\n<p style=\"text-align: justify\">\n\t\tPapa Francisco: Adoctrinar ni&ntilde;os con ideolog&iacute;a de g&eacute;nero es una maldad https:\/\/t.co\/f1ZTGgiHfH<\/p>\n<p>\t&mdash; ACI Prensa (@aciprensa) 2 de octubre de 2016<\/p>\n","protected":false},"excerpt":{"rendered":"<p>LIMA, 13 Mar. 17 (ACI).- Decenas de directores y subdirectores de escuelas e instituciones educativas de Arequipa, al sur de Per&uacute;, expresaron su rechazo al Curr&iacute;culo Nacional promovido por el gobierno, por contener &ldquo;postulados de la llamada ideolog&iacute;a de g&eacute;nero&rdquo;. En un comunicado difundido en la prensa local, las autoridades educativas expresaron &ldquo;nuestra protesta por &hellip; <a href=\"https:\/\/www.biblia.work\/noticias\/directores-de-escuelas-rechazan-curriculo-con-ideologia-de-genero-del-gobierno-de-peru\/\" class=\"more-link\">Continuar leyendo<span class=\"screen-reader-text\"> \u00abDirectores de escuelas rechazan curr\u00edculo con ideolog\u00eda de g\u00e9nero del gobierno de Per\u00fa\u00bb<\/span><\/a><\/p>\n","protected":false},"author":1,"featured_media":0,"comment_status":"open","ping_status":"closed","sticky":false,"template":"","format":"standard","meta":{"footnotes":""},"categories":[1],"tags":[],"class_list":["post-12687","post","type-post","status-publish","format-standard","hentry","category-general"],"_links":{"self":[{"href":"https:\/\/www.biblia.work\/noticias\/wp-json\/wp\/v2\/posts\/12687","targetHints":{"allow":["GET"]}}],"collection":[{"href":"https:\/\/www.biblia.work\/noticias\/wp-json\/wp\/v2\/posts"}],"about":[{"href":"https:\/\/www.biblia.work\/noticias\/wp-json\/wp\/v2\/types\/post"}],"author":[{"embeddable":true,"href":"https:\/\/www.biblia.work\/noticias\/wp-json\/wp\/v2\/users\/1"}],"replies":[{"embeddable":true,"href":"https:\/\/www.biblia.work\/noticias\/wp-json\/wp\/v2\/comments?post=12687"}],"version-history":[{"count":0,"href":"https:\/\/www.biblia.work\/noticias\/wp-json\/wp\/v2\/posts\/12687\/revisions"}],"wp:attachment":[{"href":"https:\/\/www.biblia.work\/noticias\/wp-json\/wp\/v2\/media?parent=12687"}],"wp:term":[{"taxonomy":"category","embeddable":true,"href":"https:\/\/www.biblia.work\/noticias\/wp-json\/wp\/v2\/categories?post=12687"},{"taxonomy":"post_tag","embeddable":true,"href":"https:\/\/www.biblia.work\/noticias\/wp-json\/wp\/v2\/tags?post=12687"}],"curies":[{"name":"wp","href":"https:\/\/api.w.org\/{rel}","templated":true}]}}