{"id":12689,"date":"2017-03-13T13:10:02","date_gmt":"2017-03-13T18:10:02","guid":{"rendered":"http:\/\/www.biblia.work\/noticias\/duenos-de-cinemas-amenazados-por-no-exhibir-la-bella-y-la-bestia\/"},"modified":"2017-03-13T13:10:02","modified_gmt":"2017-03-13T18:10:02","slug":"duenos-de-cinemas-amenazados-por-no-exhibir-la-bella-y-la-bestia","status":"publish","type":"post","link":"https:\/\/www.biblia.work\/noticias\/duenos-de-cinemas-amenazados-por-no-exhibir-la-bella-y-la-bestia\/","title":{"rendered":"Due\u00f1os de cinemas amenazados por no exhibir \u2018La Bella y La Bestia\u2019"},"content":{"rendered":"<p style=\"text-align: right\">N\u00ednro Ru\u00edz Pe\u00f1a<\/p>\n<p style=\"text-align: justify\">ALABAMA, EE.UU.- Un cinema de Alabama (EE.UU.) administrado por sus propietarios cristianos est\u00e1n recibiendo amenazas por parte de personas que dicen que quieren &#8220;quemar&#8221; el lugar despu\u00e9s de una declaraci\u00f3n p\u00fablica informando que la nueva pel\u00edcula de Disney &#8220;La Bella y La Bestia&#8221; no se exhibir\u00eda en el cinema.<\/p>\n<p style=\"text-align: justify\">De acuerdo con una nota publicada anteriormente en la p\u00e1gina de Facebook del Cinema Drive-in &#8216;Henagar&#8217;, la decisi\u00f3n se tom\u00f3 por parte de sus propietarios debido a las escenas de homosexualidad contenidas en la producci\u00f3n.<\/p>\n<p style=\"text-align: justify\">Entre los mensajes de apoyo y duras cr\u00edticas, el anuncio gener\u00f3 debates, no s\u00f3lo en Alabama, sino que acab\u00f3 ganando notoriedad incluso internacionalmente debido a la difusi\u00f3n de la noticia en las redes sociales.<\/p>\n<p style=\"text-align: justify\">De acuerdo con uno de los propietarios del cinema, la compa\u00f1\u00eda recibi\u00f3 varios mensajes ofensivos e incluso amenazas de que el local pod\u00eda ser incendiado.<\/p>\n<p style=\"text-align: justify\">&#8220;Hubo algunas personas que hicieron algunos comentarios desagradables y ofensivos, otros revelaron el deseo de incendiar nuestro establecimiento&#8221;, dijo Carol Laney al diario &#8216;Premier&#8217;.<\/p>\n<p style=\"text-align: justify\">La decisi\u00f3n de los propietarios del cinema fue tomada, cuando el director de la pel\u00edcula &#8216;La Bella y La Bestia&#8217; confirm\u00f3 que el actor Josh Gad, quien interpreta el personaje LeFou &#8211; el compa\u00f1ero del villano Gast\u00f3n- &#8220;abre nuevos caminos en lo que respecta a la visibilidad LGBT&#8221; y lo que los fans pueden esperar era un &#8220;momento exclusivamente gay&#8221; en la pel\u00edcula.<\/p>\n<p style=\"text-align: justify\">El Cinema &#8216;Henagar Drive-In&#8217;, en el condado de DeKalb argument\u00f3, sin embargo, que s\u00f3lo exhibir\u00eda &#8220;filmes orientados para la familia&#8221; y que sus clientes podr\u00edan ver &#8220;tranquilos pel\u00edculas sanas sin preocuparse por escenas de sexo, desnudez, homosexualidad o lenguaje obsceno&#8221;.<\/p>\n<p style=\"text-align: justify\">&#8220;Todos tomamos decisiones y estamos haci\u00e9ndolas nuestras. Si no podemos llevar a nuestros nietos de 11 a 8 a\u00f1os para ver una pel\u00edcula, no tenemos ninguna raz\u00f3n para verla&#8221;, agreg\u00f3 el comunicado.<\/p>\n<p style=\"text-align: justify\">Laney revel\u00f3 recientemente que ella lleg\u00f3 a ser animada para exhibir la pel\u00edcula &#8220;La Bella y La Bestia&#8221;, pero cambi\u00f3 de opini\u00f3n despu\u00e9s de conocer la inclusi\u00f3n de un personaje abiertamente homosexual.<\/p>\n<p style=\"text-align: justify\">A pesar de los mensajes de odio que ha recibido, Laney insisti\u00f3 en que ella no se arrepiente de haber tomado la decisi\u00f3n previamente anunciada.<\/p>\n<p style=\"text-align: justify\">&#8220;Dios nos bendecir\u00e1&#8221;, dijo. &#8220;Cuando usted est\u00e1 haciendo su voluntad, usted tiene que confiar y tener fe en que \u00c9l cuidar\u00e1 de ti&#8221;.<\/p>\n<p style=\"text-align: justify\">La entrada <a rel=\"nofollow\" href=\"http:\/\/www.noticiacristiana.com\/entretenimiento\/peliculas\/2017\/03\/amenazados-no-exhibir-la-bella-y-la-bestia.html\">Due\u00f1os de cinemas amenazados por no exhibir &#8216;La Bella y La Bestia&#8217;<\/a> aparece primero en <a rel=\"nofollow\" href=\"http:\/\/www.noticiacristiana.com\">NoticiaCristiana.com<\/a>.<\/p>\n","protected":false},"excerpt":{"rendered":"<p>N\u00ednro Ru\u00edz Pe\u00f1a ALABAMA, EE.UU.- Un cinema de Alabama (EE.UU.) administrado por sus propietarios cristianos est\u00e1n recibiendo amenazas por parte de personas que dicen que quieren &#8220;quemar&#8221; el lugar despu\u00e9s de una declaraci\u00f3n p\u00fablica informando que la nueva pel\u00edcula de Disney &#8220;La Bella y La Bestia&#8221; no se exhibir\u00eda en el cinema. De acuerdo con &hellip; <a href=\"https:\/\/www.biblia.work\/noticias\/duenos-de-cinemas-amenazados-por-no-exhibir-la-bella-y-la-bestia\/\" class=\"more-link\">Continuar leyendo<span class=\"screen-reader-text\"> \u00abDue\u00f1os de cinemas amenazados por no exhibir \u2018La Bella y La Bestia\u2019\u00bb<\/span><\/a><\/p>\n","protected":false},"author":1,"featured_media":0,"comment_status":"open","ping_status":"closed","sticky":false,"template":"","format":"standard","meta":{"footnotes":""},"categories":[1],"tags":[],"class_list":["post-12689","post","type-post","status-publish","format-standard","hentry","category-general"],"_links":{"self":[{"href":"https:\/\/www.biblia.work\/noticias\/wp-json\/wp\/v2\/posts\/12689","targetHints":{"allow":["GET"]}}],"collection":[{"href":"https:\/\/www.biblia.work\/noticias\/wp-json\/wp\/v2\/posts"}],"about":[{"href":"https:\/\/www.biblia.work\/noticias\/wp-json\/wp\/v2\/types\/post"}],"author":[{"embeddable":true,"href":"https:\/\/www.biblia.work\/noticias\/wp-json\/wp\/v2\/users\/1"}],"replies":[{"embeddable":true,"href":"https:\/\/www.biblia.work\/noticias\/wp-json\/wp\/v2\/comments?post=12689"}],"version-history":[{"count":0,"href":"https:\/\/www.biblia.work\/noticias\/wp-json\/wp\/v2\/posts\/12689\/revisions"}],"wp:attachment":[{"href":"https:\/\/www.biblia.work\/noticias\/wp-json\/wp\/v2\/media?parent=12689"}],"wp:term":[{"taxonomy":"category","embeddable":true,"href":"https:\/\/www.biblia.work\/noticias\/wp-json\/wp\/v2\/categories?post=12689"},{"taxonomy":"post_tag","embeddable":true,"href":"https:\/\/www.biblia.work\/noticias\/wp-json\/wp\/v2\/tags?post=12689"}],"curies":[{"name":"wp","href":"https:\/\/api.w.org\/{rel}","templated":true}]}}