{"id":12690,"date":"2017-03-13T13:15:03","date_gmt":"2017-03-13T18:15:03","guid":{"rendered":"http:\/\/www.biblia.work\/noticias\/el-papa-francisco-elegido-el-13-de-marzo-de-2013-en-el-signo-de-la-misericordia\/"},"modified":"2017-03-13T13:15:03","modified_gmt":"2017-03-13T18:15:03","slug":"el-papa-francisco-elegido-el-13-de-marzo-de-2013-en-el-signo-de-la-misericordia","status":"publish","type":"post","link":"https:\/\/www.biblia.work\/noticias\/el-papa-francisco-elegido-el-13-de-marzo-de-2013-en-el-signo-de-la-misericordia\/","title":{"rendered":"El papa Francisco elegido el 13 de marzo de 2013, en el signo de la misericordia"},"content":{"rendered":"<p style=\"text-align: justify\">(ZENIT- Roma, 13 Mar. 2017).- Se cumplen este lunes, cuatro a\u00f1os desde que los cardenales reunidos en c\u00f3nclave en la Capilla Sixtina, eligieron al cardenal Jorge Mario Bergoglio, SJ, arzobispo de Buenos Aires, como sucesor de Pedro. Una elecci\u00f3n bajo el signo de la misericordia divina, de acuerdo a la clave de lectura program\u00e1tica que el Papa dio a su escudo episcopal, despu\u00e9s pontificio. Una elecci\u00f3n basada en un programa elegido por los cardenales electores impresionados por la intervenci\u00f3n del cardenal argentino en el &#8216;pre-c\u00f3nclave&#8217;. La elecci\u00f3n de un Papa es la elecci\u00f3n de Dios, y los cardenales en oraci\u00f3n fueron as\u00ed guiados en su voto por el pre-discernimiento antes del c\u00f3nclave.<\/p>\n<p style=\"text-align: justify\">Estos primeros cuatro a\u00f1os del pontificado del papa Francisco han constituido una marcha del obispo y del pueblo de Dios en la oraci\u00f3n, en la caridad, en la confianza, para construir un mundo de fraternidad bajo la mirada de la Virgen Mar\u00eda.<\/p>\n<p style=\"text-align: justify\">El cardenal Jean-Louis di Vaissi\u00e8re en su reciente libro \u201cFran\u00e7ois dans la temp\u00eate\u201d (Francisco en la tempestad ) dice: \u201cEl papa argentino, perfectamente fiel al dogma, trae en la Iglesia aire fresca e intenta poner en acto todo lo que en el Concilio no ha sido plenamente actuado. Da el buen ejemplo m\u00e1s con los gestos que con las palabras, tiene un mensaje maravilloso de esperanza: el de una Iglesia empe\u00f1ada por los pobres, en la lucha por la vida de m\u00e1s de siete mil millones de personas\u201d.<\/p>\n<p style=\"text-align: justify\">El pre-conclave<\/p>\n<p style=\"text-align: justify\">Sabremos sucesivamente que en las asambleas generales antes del c\u00f3nclave en la que participaron 161 cardenales entre electores y no electores, se hizo camino el nombre de Bergoglio despu\u00e9s de un discurso que realiz\u00f3. El cardenal arzobispo hoy em\u00e9rito de La Habana, Jaime Ortega, pidi\u00f3 despu\u00e9s al cardenal Bergoglio si pod\u00eda tener lo que hab\u00eda dicho. Bergoglio escribi\u00f3 as\u00ed de pu\u00f1o y letra apuntes para su colega cubano, quien despu\u00e9s de su elecci\u00f3n como Papa le pidi\u00f3 poder publicarlo.<\/p>\n<p style=\"text-align: justify\">Para el cardenal Ortega fue un discurso \u201cmagistral, perspicaz, atrayente y aut\u00e9ntico\u201d, que reflejaba en cuatro puntos una evaluaci\u00f3n de la situaci\u00f3n de la Iglesia.<\/p>\n<p style=\"text-align: justify\">Coraje y celo por la evangelizaci\u00f3n: Bergoglio afirmaba que \u201cla Iglesia tiene que salir de s\u00ed misma y buscar las periferias\u201d, no solamente geogr\u00e1ficas pero tambi\u00e9n humanas y existenciales, que es necesario ir a los m\u00e1s peque\u00f1os, acercando a las personas cuando manifiestan el pecado, el dolor, la injusticia y la ignorancia.<\/p>\n<p style=\"text-align: justify\">Las &#8216;enfermedades&#8217; de la Iglesia cuando no evangeliza consisten en la autoreferencialidad, en el \u201cnarcisismo teol\u00f3gico\u201d, lejos de la mirada del mundo y \u201cpretendiendo tener a Jesucristo, sin salir afuera\u201d.<\/p>\n<p style=\"text-align: justify\">Francisco pide discernir entre Iglesia evangelizadora, \u201cla del \u2018Dei Verbum religiose audiens et fidenter proclamans\u2019 (la Iglesia que religiosamente escucha fielmente proclama la palabra de Dios\u201d, y de otro lado \u201cla Iglesia mundana que vive en s\u00ed, de s\u00ed misma y para s\u00ed\u201d. Este discernimiento \u201ctienen que iluminar los posibles cambios y reformas que es necesario realizar para la salvaci\u00f3n de las almas\u201d.<\/p>\n<p style=\"text-align: justify\">\u00daltimo punto: \u201cPensando al pr\u00f3ximo Papa: un hombre que, a trav\u00e9s la contemplaci\u00f3n de Jesucristo y la adoraci\u00f3n de Jesucristo, ayude a la Iglesia a salir de s\u00ed misma hacia las periferias existenciales, que la ayude a ser la madre fecunda que vive de la dulce y confortante alegr\u00eda de evangelizar\u201d.<\/p>\n<p style=\"text-align: justify\">Este es el programa al cual se confiaron los electores que eligieron a Jorge Mario Bergoglio. Y esta reforma realizada bajo el signo de la misericordia, como demuestra tambi\u00e9n la sorpresa del Jubileo extraordinario, ha encontrado en \u00e9l un padre espiritual: \u00e9l ha querido de alg\u00fan modo favorecer a la Iglesia y al mundo con su experiencia de misericordia que ha marcado su vocaci\u00f3n y lo ha acompa\u00f1ado en la tempestades de la historia, haciendo parte de \u00e9l como ancla de salvaci\u00f3n.<\/p>\n<p style=\"text-align: justify\">Cada cristiano -la gente y especialmente los j\u00f3venes, en vista del s\u00ednodo dedicado a ellos en el 2018- puede a su vez vivir la &#8216;misericordia&#8217; todos los d\u00edas. Y la uni\u00f3n entre misericordia y evangelizaci\u00f3n marca los viajes papales, incluido el pr\u00f3ximo a F\u00e1tima, con motivo del centenario de las apariciones, en mayo pr\u00f3ximo.<\/p>\n<p><span class=\"et_bloom_bottom_trigger\"><\/span><\/p>\n<p><a href=\"https:\/\/es.zenit.org\/\" target=\"_blank\" rel=\"nofollow\">Fuente: es.zenit.org<\/a><\/p>\n","protected":false},"excerpt":{"rendered":"<p>(ZENIT- Roma, 13 Mar. 2017).- Se cumplen este lunes, cuatro a\u00f1os desde que los cardenales reunidos en c\u00f3nclave en la Capilla Sixtina, eligieron al cardenal Jorge Mario Bergoglio, SJ, arzobispo de Buenos Aires, como sucesor de Pedro. Una elecci\u00f3n bajo el signo de la misericordia divina, de acuerdo a la clave de lectura program\u00e1tica que &hellip; <a href=\"https:\/\/www.biblia.work\/noticias\/el-papa-francisco-elegido-el-13-de-marzo-de-2013-en-el-signo-de-la-misericordia\/\" class=\"more-link\">Continuar leyendo<span class=\"screen-reader-text\"> \u00abEl papa Francisco elegido el 13 de marzo de 2013, en el signo de la misericordia\u00bb<\/span><\/a><\/p>\n","protected":false},"author":1,"featured_media":0,"comment_status":"open","ping_status":"closed","sticky":false,"template":"","format":"standard","meta":{"footnotes":""},"categories":[1],"tags":[],"class_list":["post-12690","post","type-post","status-publish","format-standard","hentry","category-general"],"_links":{"self":[{"href":"https:\/\/www.biblia.work\/noticias\/wp-json\/wp\/v2\/posts\/12690","targetHints":{"allow":["GET"]}}],"collection":[{"href":"https:\/\/www.biblia.work\/noticias\/wp-json\/wp\/v2\/posts"}],"about":[{"href":"https:\/\/www.biblia.work\/noticias\/wp-json\/wp\/v2\/types\/post"}],"author":[{"embeddable":true,"href":"https:\/\/www.biblia.work\/noticias\/wp-json\/wp\/v2\/users\/1"}],"replies":[{"embeddable":true,"href":"https:\/\/www.biblia.work\/noticias\/wp-json\/wp\/v2\/comments?post=12690"}],"version-history":[{"count":0,"href":"https:\/\/www.biblia.work\/noticias\/wp-json\/wp\/v2\/posts\/12690\/revisions"}],"wp:attachment":[{"href":"https:\/\/www.biblia.work\/noticias\/wp-json\/wp\/v2\/media?parent=12690"}],"wp:term":[{"taxonomy":"category","embeddable":true,"href":"https:\/\/www.biblia.work\/noticias\/wp-json\/wp\/v2\/categories?post=12690"},{"taxonomy":"post_tag","embeddable":true,"href":"https:\/\/www.biblia.work\/noticias\/wp-json\/wp\/v2\/tags?post=12690"}],"curies":[{"name":"wp","href":"https:\/\/api.w.org\/{rel}","templated":true}]}}