{"id":12700,"date":"2017-03-14T06:15:02","date_gmt":"2017-03-14T11:15:02","guid":{"rendered":"http:\/\/www.biblia.work\/noticias\/la-conferencia-episcopal-espanola-reelige-presidente-al-cardenal-blazquez\/"},"modified":"2017-03-14T06:15:02","modified_gmt":"2017-03-14T11:15:02","slug":"la-conferencia-episcopal-espanola-reelige-presidente-al-cardenal-blazquez","status":"publish","type":"post","link":"https:\/\/www.biblia.work\/noticias\/la-conferencia-episcopal-espanola-reelige-presidente-al-cardenal-blazquez\/","title":{"rendered":"La Conferencia Episcopal Espa\u00f1ola reelige presidente al cardenal Bl\u00e1zquez"},"content":{"rendered":"<p style=\"text-align: justify\">(ZENIT &#8211; Roma).- La Asamblea Plenaria de la Conferencia Episcopal Espa\u00f1ola (CEE) se encuentra reunida desde ayer lunes, hasta el viernes viernes 17 de marzo en su 109\u00ba reuni\u00f3n. Durante estos d\u00edas se procede a a la renovaci\u00f3n de cargos para el trienio 2017-2020, excepto el del secretario general, que se elige para un per\u00edodo de cinco a\u00f1os.<\/p>\n<p style=\"text-align: justify\">El cardenal arzobispo de Valladolid, Ricardo Bl\u00e1zquez P\u00e9rez, ha sido reelegido hoy martes, como presidente de la CEE en la primera votaci\u00f3n, y permanecer\u00e1 as\u00ed en un segundo trienio consecutivo.<\/p>\n<p style=\"text-align: justify\">En cambio el arzobispo de Valencia, cardenal Antonio Ca\u00f1izares, ha sido elegido vicepresidente.<br \/>\nEl orden del d\u00eda de la Asamblea incluye adem\u00e1s el estudio de los siguientes temas:<br \/>\n&#8211; Situaci\u00f3n de la ense\u00f1anza de religi\u00f3n en Espa\u00f1a, en el proceso del pacto educativo.<br \/>\n&#8211; Reflexiones sobre la Ratio Fundamentalis Institutionis Sacerdotalis. Se contar\u00e1 con intervenci\u00f3n de<br \/>\nJorge Carlos Patr\u00f3n Wong, arzobispo secretario para los Seminarios de la Congregaci\u00f3n para el Clero.<br \/>\n&#8211; Documento preparatorio para la XV Asamblea General Ordinaria del S\u00ednodo de los Obispos, sobre el tema \u201clos J\u00f3venes, la Fe y el discernimiento vocacional\u201d.<\/p>\n<p style=\"text-align: justify\">Un dato sobre la Iglesia en Espa\u00f1a, es que en el 2016 se han ordenado 138 nuevos sacerdotes. Al mismo tiempo, durante el presente curso 2016\/2017, se forman en Espa\u00f1a 1.247 seminaristas mayores.<\/p>\n<p><span class=\"et_bloom_bottom_trigger\"><\/span><\/p>\n<p><a href=\"https:\/\/es.zenit.org\/\" target=\"_blank\" rel=\"nofollow\">Fuente: es.zenit.org<\/a><\/p>\n","protected":false},"excerpt":{"rendered":"<p>(ZENIT &#8211; Roma).- La Asamblea Plenaria de la Conferencia Episcopal Espa\u00f1ola (CEE) se encuentra reunida desde ayer lunes, hasta el viernes viernes 17 de marzo en su 109\u00ba reuni\u00f3n. Durante estos d\u00edas se procede a a la renovaci\u00f3n de cargos para el trienio 2017-2020, excepto el del secretario general, que se elige para un per\u00edodo &hellip; <a href=\"https:\/\/www.biblia.work\/noticias\/la-conferencia-episcopal-espanola-reelige-presidente-al-cardenal-blazquez\/\" class=\"more-link\">Continuar leyendo<span class=\"screen-reader-text\"> \u00abLa Conferencia Episcopal Espa\u00f1ola reelige presidente al cardenal Bl\u00e1zquez\u00bb<\/span><\/a><\/p>\n","protected":false},"author":1,"featured_media":0,"comment_status":"open","ping_status":"closed","sticky":false,"template":"","format":"standard","meta":{"footnotes":""},"categories":[1],"tags":[],"class_list":["post-12700","post","type-post","status-publish","format-standard","hentry","category-general"],"_links":{"self":[{"href":"https:\/\/www.biblia.work\/noticias\/wp-json\/wp\/v2\/posts\/12700","targetHints":{"allow":["GET"]}}],"collection":[{"href":"https:\/\/www.biblia.work\/noticias\/wp-json\/wp\/v2\/posts"}],"about":[{"href":"https:\/\/www.biblia.work\/noticias\/wp-json\/wp\/v2\/types\/post"}],"author":[{"embeddable":true,"href":"https:\/\/www.biblia.work\/noticias\/wp-json\/wp\/v2\/users\/1"}],"replies":[{"embeddable":true,"href":"https:\/\/www.biblia.work\/noticias\/wp-json\/wp\/v2\/comments?post=12700"}],"version-history":[{"count":0,"href":"https:\/\/www.biblia.work\/noticias\/wp-json\/wp\/v2\/posts\/12700\/revisions"}],"wp:attachment":[{"href":"https:\/\/www.biblia.work\/noticias\/wp-json\/wp\/v2\/media?parent=12700"}],"wp:term":[{"taxonomy":"category","embeddable":true,"href":"https:\/\/www.biblia.work\/noticias\/wp-json\/wp\/v2\/categories?post=12700"},{"taxonomy":"post_tag","embeddable":true,"href":"https:\/\/www.biblia.work\/noticias\/wp-json\/wp\/v2\/tags?post=12700"}],"curies":[{"name":"wp","href":"https:\/\/api.w.org\/{rel}","templated":true}]}}