{"id":12707,"date":"2017-03-14T10:15:04","date_gmt":"2017-03-14T15:15:04","guid":{"rendered":"http:\/\/www.biblia.work\/noticias\/fatima-agradecen-en-el-4o-aniversario-del-pontificado-de-francisco-el-don-que-representa-para-la-iglesia\/"},"modified":"2017-03-14T10:15:04","modified_gmt":"2017-03-14T15:15:04","slug":"fatima-agradecen-en-el-4o-aniversario-del-pontificado-de-francisco-el-don-que-representa-para-la-iglesia","status":"publish","type":"post","link":"https:\/\/www.biblia.work\/noticias\/fatima-agradecen-en-el-4o-aniversario-del-pontificado-de-francisco-el-don-que-representa-para-la-iglesia\/","title":{"rendered":"F\u00e1tima: agradecen en el 4\u00ba aniversario del pontificado de Francisco, \u2018el don que representa para la Iglesia\u2019"},"content":{"rendered":"<p style=\"text-align: justify\">(ZENIT &#8211; Roma, 14 Mar. 2017) .- El rector del Santuario de F\u00e1tima, Padre Carlos Cabecinhas al recordar el cuarto aniversario de la elecci\u00f3n del papa Francisco, se\u00f1al\u00f3 que el Santo Padre visitar\u00e1 F\u00e1tima en mayo para presidir el Centenario de las apariciones marianas, y dio gracias &#8220;por el don que representa para la Iglesia&#8221;. Fue este lunes 13 de marzo en el\u00a0Santuario de F\u00e1tima, durante la Eucarist\u00eda en la bas\u00edlica de la Sant\u00edsima\u00a0Trinidad.<\/p>\n<p style=\"text-align: justify\">En su homil\u00eda, el P. Carlos Cabecinhas habl\u00f3 del &#8220;amor maternal de Mar\u00eda que encontramos aqu\u00ed en F\u00e1tima junto a Ella&#8221; e invit\u00f3 a los peregrinos a recibir a Nuestra Se\u00f1ora\u00a0en sus vidas como disc\u00edpulos.<\/p>\n<p style=\"text-align: justify\">&#8220;Recibir a Mar\u00eda en nuestras vidas significa imitar en sus actitudes, aceptar su mensaje y sus exhortaciones&#8221;, dijo, subrayando que &#8220;tomar a Mar\u00eda en nuestra casa, como disc\u00edpulo significa recibir el llamado urgente a la conversi\u00f3n que ella vino a traernos&#8221;.<\/p>\n<p style=\"text-align: justify\">Tambi\u00e9n mencion\u00f3 que en el Mensaje de F\u00e1tima est\u00e1 presente la \u201cpedagog\u00eda para vivir el tiempo de Cuaresma como un camino de conversi\u00f3n\u201d puesto que &#8220;se basa en la oraci\u00f3n, las pr\u00e1cticas de penitencia y en el amor al pr\u00f3jimo\u201d.<\/p>\n<p style=\"text-align: justify\">&#8220;El llamado\u00a0a la conversi\u00f3n &#8211;dijo el padre Cabecinhas&#8211; es evidente en la solicitud reiterada por Mar\u00eda a los hombres para que no ofendan m\u00e1s a Dios, en el pedido de oraci\u00f3n y sacrificios por los pecadores, temas que marcaron el mensaje de F\u00e1tima desde el principio hasta el final&#8221;.<\/p>\n<p style=\"text-align: justify\">&#8220;Recibir a Mar\u00eda en nuestra casa, como el disc\u00edpulo, significa &#8211;concluy\u00f3 el rector del santuario&#8211; seguir este camino que ella nos muestra. En este tiempo de Cuaresma, significa aceptar la llamada urgente a la conversi\u00f3n, aceptando la ense\u00f1anza de esta <em>Se\u00f1ora m\u00e1s brillante que el sol<\/em>&#8220;.<\/p>\n<p><span class=\"et_bloom_bottom_trigger\"><\/span><\/p>\n<p><a href=\"https:\/\/es.zenit.org\/\" target=\"_blank\" rel=\"nofollow\">Fuente: es.zenit.org<\/a><\/p>\n","protected":false},"excerpt":{"rendered":"<p>(ZENIT &#8211; Roma, 14 Mar. 2017) .- El rector del Santuario de F\u00e1tima, Padre Carlos Cabecinhas al recordar el cuarto aniversario de la elecci\u00f3n del papa Francisco, se\u00f1al\u00f3 que el Santo Padre visitar\u00e1 F\u00e1tima en mayo para presidir el Centenario de las apariciones marianas, y dio gracias &#8220;por el don que representa para la Iglesia&#8221;. &hellip; <a href=\"https:\/\/www.biblia.work\/noticias\/fatima-agradecen-en-el-4o-aniversario-del-pontificado-de-francisco-el-don-que-representa-para-la-iglesia\/\" class=\"more-link\">Continuar leyendo<span class=\"screen-reader-text\"> \u00abF\u00e1tima: agradecen en el 4\u00ba aniversario del pontificado de Francisco, \u2018el don que representa para la Iglesia\u2019\u00bb<\/span><\/a><\/p>\n","protected":false},"author":1,"featured_media":0,"comment_status":"open","ping_status":"closed","sticky":false,"template":"","format":"standard","meta":{"footnotes":""},"categories":[1],"tags":[],"class_list":["post-12707","post","type-post","status-publish","format-standard","hentry","category-general"],"_links":{"self":[{"href":"https:\/\/www.biblia.work\/noticias\/wp-json\/wp\/v2\/posts\/12707","targetHints":{"allow":["GET"]}}],"collection":[{"href":"https:\/\/www.biblia.work\/noticias\/wp-json\/wp\/v2\/posts"}],"about":[{"href":"https:\/\/www.biblia.work\/noticias\/wp-json\/wp\/v2\/types\/post"}],"author":[{"embeddable":true,"href":"https:\/\/www.biblia.work\/noticias\/wp-json\/wp\/v2\/users\/1"}],"replies":[{"embeddable":true,"href":"https:\/\/www.biblia.work\/noticias\/wp-json\/wp\/v2\/comments?post=12707"}],"version-history":[{"count":0,"href":"https:\/\/www.biblia.work\/noticias\/wp-json\/wp\/v2\/posts\/12707\/revisions"}],"wp:attachment":[{"href":"https:\/\/www.biblia.work\/noticias\/wp-json\/wp\/v2\/media?parent=12707"}],"wp:term":[{"taxonomy":"category","embeddable":true,"href":"https:\/\/www.biblia.work\/noticias\/wp-json\/wp\/v2\/categories?post=12707"},{"taxonomy":"post_tag","embeddable":true,"href":"https:\/\/www.biblia.work\/noticias\/wp-json\/wp\/v2\/tags?post=12707"}],"curies":[{"name":"wp","href":"https:\/\/api.w.org\/{rel}","templated":true}]}}