{"id":12709,"date":"2017-03-14T11:15:02","date_gmt":"2017-03-14T16:15:02","guid":{"rendered":"http:\/\/www.biblia.work\/noticias\/viaje-del-papa-a-colombia-no-es-a-una-region-sino-a-todo-un-pais\/"},"modified":"2017-03-14T11:15:02","modified_gmt":"2017-03-14T16:15:02","slug":"viaje-del-papa-a-colombia-no-es-a-una-region-sino-a-todo-un-pais","status":"publish","type":"post","link":"https:\/\/www.biblia.work\/noticias\/viaje-del-papa-a-colombia-no-es-a-una-region-sino-a-todo-un-pais\/","title":{"rendered":"Viaje del Papa a Colombia: no es a una regi\u00f3n sino a todo un pa\u00eds"},"content":{"rendered":"<p style=\"text-align: justify\">(ZENIT &#8211; Roma).- Aunque el papa Francisco no pueda visitar a todas las ciudades del Colombia, el viaje apost\u00f3lico no es a una regi\u00f3n sino a todo un pa\u00eds. Lo indic\u00f3 el obispo de Duitama Sogamoso,\u00a0Mons. Misael Vacca Ram\u00edrez, durante una entrevista\u00a0con Toca Stereo de Boyac\u00e1.<\/p>\n<p style=\"text-align: justify\">En la noticia publicada en la web de la Conferencia Episcopal, el prelado asegur\u00f3 que las ciudades que visitar\u00e1 el Papa representan a Colombia y que la decisi\u00f3n de no incluir a otras regiones o ciudades, como la suya, se debi\u00f3 al temas de tiempo y posibilidades de acceso. \u201cFue muy dif\u00edcil escoger m\u00e1s lugares debido al tiempo breve que tiene el Papa para esta visita pastoral\u201d, explic\u00f3 el obispo.<\/p>\n<p style=\"text-align: justify\">Monse\u00f1or Vacca Ram\u00edrez recalc\u00f3 que la comisi\u00f3n de obispos que trabaj\u00f3 la visita del Papa busc\u00f3 que el Sumo Pont\u00edfice estuviera en el mayor n\u00famero de sitios.<\/p>\n<p style=\"text-align: justify\">Finalmente, encomend\u00f3 a la Virgen Mar\u00eda la visita del Papa Francisco y deseo que su presencia permita que &#8220;los colombianos nos reconciliemos, vivamos en justicia y paz&#8221;.<\/p>\n<p><span class=\"et_bloom_bottom_trigger\"><\/span><\/p>\n<p><a href=\"https:\/\/es.zenit.org\/\" target=\"_blank\" rel=\"nofollow\">Fuente: es.zenit.org<\/a><\/p>\n","protected":false},"excerpt":{"rendered":"<p>(ZENIT &#8211; Roma).- Aunque el papa Francisco no pueda visitar a todas las ciudades del Colombia, el viaje apost\u00f3lico no es a una regi\u00f3n sino a todo un pa\u00eds. Lo indic\u00f3 el obispo de Duitama Sogamoso,\u00a0Mons. Misael Vacca Ram\u00edrez, durante una entrevista\u00a0con Toca Stereo de Boyac\u00e1. En la noticia publicada en la web de la &hellip; <a href=\"https:\/\/www.biblia.work\/noticias\/viaje-del-papa-a-colombia-no-es-a-una-region-sino-a-todo-un-pais\/\" class=\"more-link\">Continuar leyendo<span class=\"screen-reader-text\"> \u00abViaje del Papa a Colombia: no es a una regi\u00f3n sino a todo un pa\u00eds\u00bb<\/span><\/a><\/p>\n","protected":false},"author":1,"featured_media":0,"comment_status":"open","ping_status":"closed","sticky":false,"template":"","format":"standard","meta":{"footnotes":""},"categories":[1],"tags":[],"class_list":["post-12709","post","type-post","status-publish","format-standard","hentry","category-general"],"_links":{"self":[{"href":"https:\/\/www.biblia.work\/noticias\/wp-json\/wp\/v2\/posts\/12709","targetHints":{"allow":["GET"]}}],"collection":[{"href":"https:\/\/www.biblia.work\/noticias\/wp-json\/wp\/v2\/posts"}],"about":[{"href":"https:\/\/www.biblia.work\/noticias\/wp-json\/wp\/v2\/types\/post"}],"author":[{"embeddable":true,"href":"https:\/\/www.biblia.work\/noticias\/wp-json\/wp\/v2\/users\/1"}],"replies":[{"embeddable":true,"href":"https:\/\/www.biblia.work\/noticias\/wp-json\/wp\/v2\/comments?post=12709"}],"version-history":[{"count":0,"href":"https:\/\/www.biblia.work\/noticias\/wp-json\/wp\/v2\/posts\/12709\/revisions"}],"wp:attachment":[{"href":"https:\/\/www.biblia.work\/noticias\/wp-json\/wp\/v2\/media?parent=12709"}],"wp:term":[{"taxonomy":"category","embeddable":true,"href":"https:\/\/www.biblia.work\/noticias\/wp-json\/wp\/v2\/categories?post=12709"},{"taxonomy":"post_tag","embeddable":true,"href":"https:\/\/www.biblia.work\/noticias\/wp-json\/wp\/v2\/tags?post=12709"}],"curies":[{"name":"wp","href":"https:\/\/api.w.org\/{rel}","templated":true}]}}