{"id":12714,"date":"2017-03-14T12:15:02","date_gmt":"2017-03-14T17:15:02","guid":{"rendered":"http:\/\/www.biblia.work\/noticias\/francisco-a-los-jovenes-se-habla-mucho-con-el-movil-pero-se-escucha-poco-a-los-demas\/"},"modified":"2017-03-14T12:15:02","modified_gmt":"2017-03-14T17:15:02","slug":"francisco-a-los-jovenes-se-habla-mucho-con-el-movil-pero-se-escucha-poco-a-los-demas","status":"publish","type":"post","link":"https:\/\/www.biblia.work\/noticias\/francisco-a-los-jovenes-se-habla-mucho-con-el-movil-pero-se-escucha-poco-a-los-demas\/","title":{"rendered":"Francisco a los j\u00f3venes: se habla mucho con el m\u00f3vil pero se escucha poco a los dem\u00e1s"},"content":{"rendered":"<p style=\"text-align: justify\">(ZENIT- Roma, 14 Mar. 2017).- \u00a0Hoy la capacidad para comunicar con todo el mundo es enorme gracias a la tecnolog\u00eda, entretanto el problema muchas veces es comunicar entre nosotros, en la familia o entre los amigos.<\/p>\n<p style=\"text-align: justify\">Lo dijo el santo padre Francisco en su visita realizada este domingo 13 de marzo en la parroquia Santa Magdalena, situada en Ottavia, zona perif\u00e9rica de Roma, durante la conversaci\u00f3n que tuvo con los ni\u00f1os y con los j\u00f3venes.<\/p>\n<p style=\"text-align: justify\">Respondiendo a una chica que le pregunt\u00f3 al Papa sobre el modo de comunicar hoy, con tanta tecnolog\u00eda, Francisco se\u00f1al\u00f3: \u201cEs bello esto, porque hoy nosotros podemos comunicar con todas partes\u201d, si bien precis\u00f3 que \u201cfalta el di\u00e1logo\u201d y les invit\u00f3 a pensar en esto.<\/p>\n<p style=\"text-align: justify\">\u201cCierren los ojos, imag\u00ednense esto: en la mesa, mam\u00e1, pap\u00e1, yo, mi hermano, mi hermana, cada uno de nosotros con su propio tel\u00e9fono m\u00f3vil, hablando&#8230;. Todos hablan afuera, pero entre ellos no se hablan. \u00bfTodos comunican, verdad?, s\u00ed, a trav\u00e9s del m\u00f3vil, pero no dialogan. Este es el problema\u201d.<\/p>\n<p style=\"text-align: justify\">Y repiti\u00f3: \u201cEste es el problema, la falta de di\u00e1logo y que no se escucha\u201d.<\/p>\n<p style=\"text-align: justify\">El Papa les cont\u00f3 as\u00ed que el d\u00eda anterior hab\u00eda tenido\u00a0una reuni\u00f3n con un grupo de unas 400 voluntarios que pertenecen a la asociaci\u00f3n \u201c<em>Telefono Amico<\/em>\u201d (Tel\u00e9fono amigo). Les explic\u00f3 que ellos est\u00e1n siempre dispuestos a escuchar: \u201csi est\u00e1s triste, si te sientes deprimido o tienes un problema o una duda, es posible llamar porque all\u00ed hay siempre una persona dispuesta a escuchar\u201d.<\/p>\n<p style=\"text-align: justify\">Porque, reiter\u00f3 \u201cescuchar es el primer paso del di\u00e1logo\u201d y se\u00f1al\u00f3:\u00a0\u201cUna de las enfermedades m\u00e1s feas de nuestro tiempo creo sea la poca capacidad de escuchar\u201d.<\/p>\n<p style=\"text-align: justify\">Hablo con el m\u00f3vil pero no escucho a quien tengo cerca, no dialogo, \u201cse est\u00e1 en comunicaci\u00f3n con otro, pero quiz\u00e1s no es comunicaci\u00f3n verdadera, no es di\u00e1logo: yo digo una cosa, t\u00fa dices otra, pero todo virtual. Tenemos que llegar al di\u00e1logo concreto\u201d. \u00bfY c\u00f3mo se inicia a dialogar? \u201ccon el o\u00eddo, desbloqueando los o\u00eddos\u201d.<\/p>\n<p style=\"text-align: justify\">Francisco dio otro ejemplo: \u201csi voy a visitar a un enfermo e inicio a hablar: \u201cNo te preocupes, te curar\u00e1s r\u00e1pido, blablablabla&#8230;, <em>ciao<\/em> que Dios te bendiga&#8230;\u201d. El pobre enfermo se queda un poco as\u00ed&#8230; \u00a1\u00c9l ten\u00eda necesidad de ser escuchado! Cuando se visita a un enfermo \u201ces mejor quedarse callado, darle un beso, acariciarlo, hacerle una pregunta: \u00bfC\u00f3mo est\u00e1s?, y dejarlo hablar\u201d.<\/p>\n<p><span class=\"et_bloom_bottom_trigger\"><\/span><\/p>\n<p><a href=\"https:\/\/es.zenit.org\/\" target=\"_blank\" rel=\"nofollow\">Fuente: es.zenit.org<\/a><\/p>\n","protected":false},"excerpt":{"rendered":"<p>(ZENIT- Roma, 14 Mar. 2017).- \u00a0Hoy la capacidad para comunicar con todo el mundo es enorme gracias a la tecnolog\u00eda, entretanto el problema muchas veces es comunicar entre nosotros, en la familia o entre los amigos. Lo dijo el santo padre Francisco en su visita realizada este domingo 13 de marzo en la parroquia Santa &hellip; <a href=\"https:\/\/www.biblia.work\/noticias\/francisco-a-los-jovenes-se-habla-mucho-con-el-movil-pero-se-escucha-poco-a-los-demas\/\" class=\"more-link\">Continuar leyendo<span class=\"screen-reader-text\"> \u00abFrancisco a los j\u00f3venes: se habla mucho con el m\u00f3vil pero se escucha poco a los dem\u00e1s\u00bb<\/span><\/a><\/p>\n","protected":false},"author":1,"featured_media":0,"comment_status":"open","ping_status":"closed","sticky":false,"template":"","format":"standard","meta":{"footnotes":""},"categories":[1],"tags":[],"class_list":["post-12714","post","type-post","status-publish","format-standard","hentry","category-general"],"_links":{"self":[{"href":"https:\/\/www.biblia.work\/noticias\/wp-json\/wp\/v2\/posts\/12714","targetHints":{"allow":["GET"]}}],"collection":[{"href":"https:\/\/www.biblia.work\/noticias\/wp-json\/wp\/v2\/posts"}],"about":[{"href":"https:\/\/www.biblia.work\/noticias\/wp-json\/wp\/v2\/types\/post"}],"author":[{"embeddable":true,"href":"https:\/\/www.biblia.work\/noticias\/wp-json\/wp\/v2\/users\/1"}],"replies":[{"embeddable":true,"href":"https:\/\/www.biblia.work\/noticias\/wp-json\/wp\/v2\/comments?post=12714"}],"version-history":[{"count":0,"href":"https:\/\/www.biblia.work\/noticias\/wp-json\/wp\/v2\/posts\/12714\/revisions"}],"wp:attachment":[{"href":"https:\/\/www.biblia.work\/noticias\/wp-json\/wp\/v2\/media?parent=12714"}],"wp:term":[{"taxonomy":"category","embeddable":true,"href":"https:\/\/www.biblia.work\/noticias\/wp-json\/wp\/v2\/categories?post=12714"},{"taxonomy":"post_tag","embeddable":true,"href":"https:\/\/www.biblia.work\/noticias\/wp-json\/wp\/v2\/tags?post=12714"}],"curies":[{"name":"wp","href":"https:\/\/api.w.org\/{rel}","templated":true}]}}