{"id":12716,"date":"2017-03-14T12:40:03","date_gmt":"2017-03-14T17:40:03","guid":{"rendered":"http:\/\/www.biblia.work\/noticias\/es-un-escandalo-demasiado-fuerte-para-la-fe-de-los-discipulos-expreso-el-papa\/"},"modified":"2017-03-14T12:40:03","modified_gmt":"2017-03-14T17:40:03","slug":"es-un-escandalo-demasiado-fuerte-para-la-fe-de-los-discipulos-expreso-el-papa","status":"publish","type":"post","link":"https:\/\/www.biblia.work\/noticias\/es-un-escandalo-demasiado-fuerte-para-la-fe-de-los-discipulos-expreso-el-papa\/","title":{"rendered":"Es un esc\u00e1ndalo demasiado fuerte para la fe de los disc\u00edpulos, expres\u00f3 el Papa"},"content":{"rendered":"<p> <img src='http:\/\/media02.radiovaticana.va\/photo\/2016\/10\/01\/ANSA1080130_Thumbnail.jpg' alt='' align='left' hspace='5'> <\/p>\n<p><span><br \/>\n<audio class=\"video-js vjs-default-skin vjs-big-play-button-centered rv-custom-audio\" controls=\"\" id=\"audioItem_9878868\" preload=\"none\"><\/audio><br \/>\n<span class=\"rv-audio-download\"><a href=\"http:\/\/media02.radiovaticana.va\/audio\/audio2\/mp3\/00573709.mp3\" title=\"Download audio\"><img decoding=\"async\" src=\"http:\/\/es.radiovaticana.va\/Modules\/Presentation\/Styles\/images-common\/icons\/download-audio-mp3_off.png\" style=\"height: 30px\" \/><\/a><\/span> <\/span><\/p>\n<p>(RV).- El uso de la nuevas formas de comunicaci&oacute;n a trav&eacute;s de las <strong>Redes Sociale<\/strong>s permite que Radio Vaticana interact&uacute;e con sus oyentes sin importar las barreras geogr&aacute;ficas. Unidos todos por la misma lengua madre y enriquecidos por el multiculturalismo que abunda en cada uno de nuestros pa&iacute;ses de origen, la Radio del Papa y su audiencia <strong>caminan juntos<\/strong> acompa&ntilde;ando al Santo Padre Francisco, fortaleciendo el &laquo;di&aacute;logo virtual&raquo; entre todos y consolidando nuestra fe cristiana.<\/p>\n<p>Y esa es, precisamente, la misi&oacute;n que proponemos en nuestro programa <strong>Tu Comentario Ayuda: <\/strong>difundir la voz y el Magisterio del Papa a trav&eacute;s del di&aacute;logo fraternal con nuestra gran familia de amigos y seguidores, la cual crece cada vez m&aacute;s en nuestros espacios de <a target=\"_blank\" rel=\"nofollow\" href=\"https:\/\/www.facebook.com\/RadioVaticanaEspanol\/\">Facebook<\/a>, <a target=\"_blank\" rel=\"nofollow\" href=\"https:\/\/twitter.com\/news_va_es\">Twitter<\/a> y <strong>WhatsApp<\/strong>.<\/p>\n<p>Ahora podemos conocer las voces de nuestros oyentes, quienes env&iacute;an sus mensajes de AUDIO a nuestro n&uacute;mero (0039) 347 225 0785 reflexionando sobre los mensajes del Papa, profundizando sobre sus homil&iacute;as, discursos y eventos en los que participa. As&iacute; comparten diariamente sus pensamientos, sentimientos e intenciones de oraci&oacute;n. De esta manera, adem&aacute;s de encontrar en <strong>Radio Vaticana<\/strong> una fuente de informaci&oacute;n fundamental, descubren la posibilidad de poder participar de este &laquo;di&aacute;logo entre los pueblos&raquo; que tanto promueve el Papa.<\/p>\n<p>Tambi&eacute;n usamos las Redes Sociales como <strong>espacios de evangelizaci&oacute;n<\/strong>, oraci&oacute;n conjunta y crecimiento espiritual, todo ello acompa&ntilde;ado siempre por la voz del Vicario de Cristo y de nuestra querida audiencia.<\/p>\n<p>Tambi&eacute;n t&uacute; puedes ayudarnos a seguir elaborando contenidos para nuestros <a target=\"_blank\" rel=\"nofollow\" href=\"http:\/\/es.radiovaticana.va\/news\/vox-populi\/tu-comentario-ayuda\">Programas de Interactividad<\/a>. Comun&iacute;cate con nosotros y env&iacute;a tu mensaje de voz a trav&eacute;s de WhatsApp. &iexcl;An&iacute;mate, queremos escucharte!<\/p>\n<p>(SL-RV)<\/p>\n<p><a target=\"_blank\" rel=\"nofollow\" href=\"https:\/\/www.facebook.com\/RadioVaticanaEspanol\/videos\/1310319785729758\/\">CLICK<\/a> para ver el video m&aacute;s visto de la semana.<\/p>\n<p><a href=\"http:\/\/es.radiovaticana.va\" target=\"_blank\" rel=\"nofollow\">Fuente: es.radiovaticana.va<\/a><\/p>\n","protected":false},"excerpt":{"rendered":"<p>(RV).- El uso de la nuevas formas de comunicaci&oacute;n a trav&eacute;s de las Redes Sociales permite que Radio Vaticana interact&uacute;e con sus oyentes sin importar las barreras geogr&aacute;ficas. Unidos todos por la misma lengua madre y enriquecidos por el multiculturalismo que abunda en cada uno de nuestros pa&iacute;ses de origen, la Radio del Papa y &hellip; <a href=\"https:\/\/www.biblia.work\/noticias\/es-un-escandalo-demasiado-fuerte-para-la-fe-de-los-discipulos-expreso-el-papa\/\" class=\"more-link\">Continuar leyendo<span class=\"screen-reader-text\"> \u00abEs un esc\u00e1ndalo demasiado fuerte para la fe de los disc\u00edpulos, expres\u00f3 el Papa\u00bb<\/span><\/a><\/p>\n","protected":false},"author":1,"featured_media":0,"comment_status":"open","ping_status":"closed","sticky":false,"template":"","format":"standard","meta":{"footnotes":""},"categories":[1],"tags":[],"class_list":["post-12716","post","type-post","status-publish","format-standard","hentry","category-general"],"_links":{"self":[{"href":"https:\/\/www.biblia.work\/noticias\/wp-json\/wp\/v2\/posts\/12716","targetHints":{"allow":["GET"]}}],"collection":[{"href":"https:\/\/www.biblia.work\/noticias\/wp-json\/wp\/v2\/posts"}],"about":[{"href":"https:\/\/www.biblia.work\/noticias\/wp-json\/wp\/v2\/types\/post"}],"author":[{"embeddable":true,"href":"https:\/\/www.biblia.work\/noticias\/wp-json\/wp\/v2\/users\/1"}],"replies":[{"embeddable":true,"href":"https:\/\/www.biblia.work\/noticias\/wp-json\/wp\/v2\/comments?post=12716"}],"version-history":[{"count":0,"href":"https:\/\/www.biblia.work\/noticias\/wp-json\/wp\/v2\/posts\/12716\/revisions"}],"wp:attachment":[{"href":"https:\/\/www.biblia.work\/noticias\/wp-json\/wp\/v2\/media?parent=12716"}],"wp:term":[{"taxonomy":"category","embeddable":true,"href":"https:\/\/www.biblia.work\/noticias\/wp-json\/wp\/v2\/categories?post=12716"},{"taxonomy":"post_tag","embeddable":true,"href":"https:\/\/www.biblia.work\/noticias\/wp-json\/wp\/v2\/tags?post=12716"}],"curies":[{"name":"wp","href":"https:\/\/api.w.org\/{rel}","templated":true}]}}