{"id":12726,"date":"2017-03-14T20:05:03","date_gmt":"2017-03-15T01:05:03","guid":{"rendered":"http:\/\/www.biblia.work\/noticias\/esta-es-la-oracion-por-la-peregrinacion-del-papa-francisco-a-fatima\/"},"modified":"2017-03-14T20:05:03","modified_gmt":"2017-03-15T01:05:03","slug":"esta-es-la-oracion-por-la-peregrinacion-del-papa-francisco-a-fatima","status":"publish","type":"post","link":"https:\/\/www.biblia.work\/noticias\/esta-es-la-oracion-por-la-peregrinacion-del-papa-francisco-a-fatima\/","title":{"rendered":"Esta es la oraci\u00f3n por la peregrinaci\u00f3n del Papa Francisco a F\u00e1tima"},"content":{"rendered":"<p> LISBOA, 14 Mar. 17 (ACI).-<br \/>\n\tEl Santuario de F&aacute;tima, a trav&eacute;s del sitio web oficial para la Visita Apost&oacute;lica del Papa Francisco por los 100 a&ntilde;os de las apariciones de la Virgen Mar&iacute;a, dio a conocer la oraci&oacute;n con motivo de la visita que se realizar&aacute; el Santo Padre el 12 y 13 de mayo.<\/p>\n<p style=\"text-align: justify\">\n\tEsta plegaria tambi&eacute;n es la oraci&oacute;n de Consagraci&oacute;n del A&ntilde;o Jubilar por el centenario de las apariciones de F&aacute;tima que comenz&oacute; el 27 de noviembre de 2016 y terminar&aacute; el 26 de noviembre de este a&ntilde;o.<\/p>\n<p style=\"text-align: justify\">\n\tLa oraci&oacute;n es la siguiente:<\/p>\n<p style=\"text-align: justify\">\n\tSalve Madre del Se&ntilde;or,<br \/>\n\tVirgen Mar&iacute;a, &iexcl;Reina del Rosario de F&aacute;tima!<br \/>\n\tBendita eres entre todas las mujeres,<br \/>\n\tt&uacute; eres la imagen de la Iglesia vestida de la luz Pascual,<br \/>\n\tt&uacute; eres el honor de nuestro pueblo,<br \/>\n\tt&uacute; eres el triunfo sobre la marca del mal.<br \/>\n\tProfec&iacute;a del amor misericordioso del Padre,<br \/>\n\tMaestra de la Anunciaci&oacute;n de la Buena Nueva del Hijo,<br \/>\n\tSigno del fuego ardiente del Esp&iacute;ritu Santo,<br \/>\n\tens&eacute;&ntilde;anos, en este valle de alegr&iacute;as y dolores,<br \/>\n\tlas verdades eternas que el Padre revela a los peque&ntilde;itos.<br \/>\n\tMu&eacute;stranos la fuerza de tu manto protector.<br \/>\n\tEn tu Inmaculado Coraz&oacute;n,<br \/>\n\ts&eacute; el refugio de los pecadores<br \/>\n\ty el camino que conduce hasta Dios.<br \/>\n\tUnido(a) mis hermanos,<br \/>\n\ten la Fe, en la Esperanza, en el Amor,<br \/>\n\ta t&iacute; me entrego.<br \/>\n\tUnido(a) a mis hermanos, por ti, a Dios me consagro, oh Virgen del Rosario de<br \/>\n\tF&aacute;tima.<br \/>\n\tY, finalmente, envuelto en la luz que viene de tus manos,<br \/>\n\tdar&eacute; gloria al Se&ntilde;or por los siglos de los siglos.<br \/>\n\tAm&eacute;n.<\/p>\n<p style=\"text-align: justify\">\n\tTambi&eacute;n te puede interesar:<\/p>\n<p style=\"text-align: justify\">\n\t\tAs&iacute; puedes obtener indulgencia plenaria por 100 a&ntilde;os de Virgen de F&aacute;tima https:\/\/t.co\/g7K2E48ZWs<\/p>\n<p>\t&mdash; ACI Prensa (@aciprensa) 29 de noviembre de 2016<\/p>\n","protected":false},"excerpt":{"rendered":"<p>LISBOA, 14 Mar. 17 (ACI).- El Santuario de F&aacute;tima, a trav&eacute;s del sitio web oficial para la Visita Apost&oacute;lica del Papa Francisco por los 100 a&ntilde;os de las apariciones de la Virgen Mar&iacute;a, dio a conocer la oraci&oacute;n con motivo de la visita que se realizar&aacute; el Santo Padre el 12 y 13 de mayo. &hellip; <a href=\"https:\/\/www.biblia.work\/noticias\/esta-es-la-oracion-por-la-peregrinacion-del-papa-francisco-a-fatima\/\" class=\"more-link\">Continuar leyendo<span class=\"screen-reader-text\"> \u00abEsta es la oraci\u00f3n por la peregrinaci\u00f3n del Papa Francisco a F\u00e1tima\u00bb<\/span><\/a><\/p>\n","protected":false},"author":1,"featured_media":0,"comment_status":"open","ping_status":"closed","sticky":false,"template":"","format":"standard","meta":{"footnotes":""},"categories":[1],"tags":[],"class_list":["post-12726","post","type-post","status-publish","format-standard","hentry","category-general"],"_links":{"self":[{"href":"https:\/\/www.biblia.work\/noticias\/wp-json\/wp\/v2\/posts\/12726","targetHints":{"allow":["GET"]}}],"collection":[{"href":"https:\/\/www.biblia.work\/noticias\/wp-json\/wp\/v2\/posts"}],"about":[{"href":"https:\/\/www.biblia.work\/noticias\/wp-json\/wp\/v2\/types\/post"}],"author":[{"embeddable":true,"href":"https:\/\/www.biblia.work\/noticias\/wp-json\/wp\/v2\/users\/1"}],"replies":[{"embeddable":true,"href":"https:\/\/www.biblia.work\/noticias\/wp-json\/wp\/v2\/comments?post=12726"}],"version-history":[{"count":0,"href":"https:\/\/www.biblia.work\/noticias\/wp-json\/wp\/v2\/posts\/12726\/revisions"}],"wp:attachment":[{"href":"https:\/\/www.biblia.work\/noticias\/wp-json\/wp\/v2\/media?parent=12726"}],"wp:term":[{"taxonomy":"category","embeddable":true,"href":"https:\/\/www.biblia.work\/noticias\/wp-json\/wp\/v2\/categories?post=12726"},{"taxonomy":"post_tag","embeddable":true,"href":"https:\/\/www.biblia.work\/noticias\/wp-json\/wp\/v2\/tags?post=12726"}],"curies":[{"name":"wp","href":"https:\/\/api.w.org\/{rel}","templated":true}]}}