{"id":12733,"date":"2017-03-15T05:15:02","date_gmt":"2017-03-15T10:15:02","guid":{"rendered":"http:\/\/www.biblia.work\/noticias\/el-papa-en-la-audiencia-pecado-gravisimo-el-cerrar-empresas-por-motivo-de-lucro\/"},"modified":"2017-03-15T05:15:02","modified_gmt":"2017-03-15T10:15:02","slug":"el-papa-en-la-audiencia-pecado-gravisimo-el-cerrar-empresas-por-motivo-de-lucro","status":"publish","type":"post","link":"https:\/\/www.biblia.work\/noticias\/el-papa-en-la-audiencia-pecado-gravisimo-el-cerrar-empresas-por-motivo-de-lucro\/","title":{"rendered":"El Papa en la audiencia: \u201cpecado grav\u00edsimo\u201d el cerrar empresas por motivo de lucro"},"content":{"rendered":"<p style=\"text-align: justify\">(ZENIT- Ciudad del Vaticano, 15 Mar. 2017).- \u201cEl trabajo nos da dignidad y los responsables de los pueblos tienen la obligaci\u00f3n de hacer de todo para que cada hombre y mujer pueda trabajar y as\u00ed estar con la frente alta: mirar a los otros con dignidad\u201d.<\/p>\n<p style=\"text-align: justify\">Este ha sido el apremiante llamado realizado por el papa Francisco en la audiencia de este mi\u00e9rcoles en la plaza de San Pedro.<\/p>\n<p style=\"text-align: justify\">\u201cQuien por maniobras econ\u00f3micas, para realizar negociados no enteramente claros cierra f\u00e1bricas, cierra empresas laborales y quita trabajo a los hombres, esta persona comete un pecado grav\u00edsimo\u201d.<\/p>\n<p style=\"text-align: justify\">El Santo Padre reiter\u00f3 as\u00ed lo indicado diversas veces sobre el trabajo y su relaci\u00f3n con la dignidad de la persona humana, en un momento de econom\u00eda globalizada en la cual muchas empresas &#8216;deslocalizan&#8217; hacia pa\u00edses en los cuales la mano de obra es m\u00e1s barata.<\/p>\n<p><span class=\"et_bloom_bottom_trigger\"><\/span><\/p>\n<p><a href=\"https:\/\/es.zenit.org\/\" target=\"_blank\" rel=\"nofollow\">Fuente: es.zenit.org<\/a><\/p>\n","protected":false},"excerpt":{"rendered":"<p>(ZENIT- Ciudad del Vaticano, 15 Mar. 2017).- \u201cEl trabajo nos da dignidad y los responsables de los pueblos tienen la obligaci\u00f3n de hacer de todo para que cada hombre y mujer pueda trabajar y as\u00ed estar con la frente alta: mirar a los otros con dignidad\u201d. Este ha sido el apremiante llamado realizado por el &hellip; <a href=\"https:\/\/www.biblia.work\/noticias\/el-papa-en-la-audiencia-pecado-gravisimo-el-cerrar-empresas-por-motivo-de-lucro\/\" class=\"more-link\">Continuar leyendo<span class=\"screen-reader-text\"> \u00abEl Papa en la audiencia: \u201cpecado grav\u00edsimo\u201d el cerrar empresas por motivo de lucro\u00bb<\/span><\/a><\/p>\n","protected":false},"author":1,"featured_media":0,"comment_status":"open","ping_status":"closed","sticky":false,"template":"","format":"standard","meta":{"footnotes":""},"categories":[1],"tags":[],"class_list":["post-12733","post","type-post","status-publish","format-standard","hentry","category-general"],"_links":{"self":[{"href":"https:\/\/www.biblia.work\/noticias\/wp-json\/wp\/v2\/posts\/12733","targetHints":{"allow":["GET"]}}],"collection":[{"href":"https:\/\/www.biblia.work\/noticias\/wp-json\/wp\/v2\/posts"}],"about":[{"href":"https:\/\/www.biblia.work\/noticias\/wp-json\/wp\/v2\/types\/post"}],"author":[{"embeddable":true,"href":"https:\/\/www.biblia.work\/noticias\/wp-json\/wp\/v2\/users\/1"}],"replies":[{"embeddable":true,"href":"https:\/\/www.biblia.work\/noticias\/wp-json\/wp\/v2\/comments?post=12733"}],"version-history":[{"count":0,"href":"https:\/\/www.biblia.work\/noticias\/wp-json\/wp\/v2\/posts\/12733\/revisions"}],"wp:attachment":[{"href":"https:\/\/www.biblia.work\/noticias\/wp-json\/wp\/v2\/media?parent=12733"}],"wp:term":[{"taxonomy":"category","embeddable":true,"href":"https:\/\/www.biblia.work\/noticias\/wp-json\/wp\/v2\/categories?post=12733"},{"taxonomy":"post_tag","embeddable":true,"href":"https:\/\/www.biblia.work\/noticias\/wp-json\/wp\/v2\/tags?post=12733"}],"curies":[{"name":"wp","href":"https:\/\/api.w.org\/{rel}","templated":true}]}}