{"id":12734,"date":"2017-03-15T05:15:02","date_gmt":"2017-03-15T10:15:02","guid":{"rendered":"http:\/\/www.biblia.work\/noticias\/francisco-en-la-audiencia-cual-es-el-secreto-para-mantenernos-alegres-en-la-esperanza\/"},"modified":"2017-03-15T05:15:02","modified_gmt":"2017-03-15T10:15:02","slug":"francisco-en-la-audiencia-cual-es-el-secreto-para-mantenernos-alegres-en-la-esperanza","status":"publish","type":"post","link":"https:\/\/www.biblia.work\/noticias\/francisco-en-la-audiencia-cual-es-el-secreto-para-mantenernos-alegres-en-la-esperanza\/","title":{"rendered":"Francisco en la audiencia: \u00bfCu\u00e1l es el secreto para mantenernos alegres en la esperanza?"},"content":{"rendered":"<p style=\"text-align: justify\">(ZENIT- Ciudad del Vaticano, 15 Mar. 2017).- En la \u00faltima audiencia del per\u00edodo invernal y en una jornada de sol en Roma, el papa Francisco ingres\u00f3 este mi\u00e9rcoles en la plaza de San Pedro donde varios miles de fieles y peregrinos le esperaban. El Santo Padre en el jeep blanco abierto, pas\u00f3 entre los pasillos de la Plaza, saludando, bendiciendo a los presentes, en particular a los ni\u00f1os, ancianos y enfermos.<\/p>\n<p style=\"text-align: justify\">Al bajar del veh\u00edculo bendijo una imagen peregrina de la Virgen de F\u00e1tima, mientras algunos ni\u00f1os con banderas de China se acercaron a saludarlo.<\/p>\n<p style=\"text-align: justify\">El Santo Padre prosigui\u00f3 con las catequesis sobre el tema de la esperanza y se\u00f1al\u00f3 que \u201csan Pablo nos recuerda que el secreto para mantenernos alegres en la esperanza es reavivar en nuestros corazones el amor de Dios\u201d.<\/p>\n<p style=\"text-align: justify\">\u201cTodos somos pecadores -dijo el Pont\u00edfice- pero el Se\u00f1or, que es rico en misericordia, abre ante nosotros una v\u00eda de libertad y de salvaci\u00f3n, que es la posibilidad de vivir el mandamiento del amor, dej\u00e1ndonos guiar por el coraz\u00f3n del Resucitado\u201d.<\/p>\n<p style=\"text-align: justify\">Se\u00f1al\u00f3 as\u00ed que \u201cvivir y actuar el mandamiento del amor es un don de la gracia de Dios\u201d y advirti\u00f3 que por \u201ccuando amamos, hay que evitar caer en la hipocres\u00eda de buscar nuestros propios intereses, y tambi\u00e9n en la idea falsa de pensar que si amamos es s\u00f3lo m\u00e9rito nuestro\u201d.<\/p>\n<p style=\"text-align: justify\">Porque \u201cla aut\u00e9ntica caridad nace del encuentro personal con el rostro misericordioso de Jes\u00fas, y nos lleva al encuentro sincero con los hermanos\u201d.<\/p>\n<p style=\"text-align: justify\">\u201cS\u00f3lo de esta forma -asegur\u00f3 el Obispo de Roma- podremos mantenernos alegres en la esperanza, pues sabemos que a pesar de nuestras debilidades y fallos, y hasta en los momentos m\u00e1s dif\u00edciles, el amor de Dios nunca nos abandona, y nos impulsa a compartir con nuestros hermanos todo lo que cada d\u00eda recibimos de \u00e9l\u201d.<\/p>\n<p style=\"text-align: justify\">El Papa concluy\u00f3 su resumen en espa\u00f1ol, saludando \u201ccordialmente a los peregrinos de lengua espa\u00f1ola, en particular a los grupos provenientes de Espa\u00f1a y Latinoam\u00e9rica.\u201d<\/p>\n<p style=\"text-align: justify\">\u201cEn este tiempo de cuaresma -precis\u00f3 Francisco- los invito a que, alegres en la esperanza, reaviven en sus corazones el amor que han recibido de Dios y lo compartan con todos los hombres con obras de caridad sincera. \u00a1Que Dios los bendiga!\u201d.<\/p>\n<p><span class=\"et_bloom_bottom_trigger\"><\/span><\/p>\n<p><a href=\"https:\/\/es.zenit.org\/\" target=\"_blank\" rel=\"nofollow\">Fuente: es.zenit.org<\/a><\/p>\n","protected":false},"excerpt":{"rendered":"<p>(ZENIT- Ciudad del Vaticano, 15 Mar. 2017).- En la \u00faltima audiencia del per\u00edodo invernal y en una jornada de sol en Roma, el papa Francisco ingres\u00f3 este mi\u00e9rcoles en la plaza de San Pedro donde varios miles de fieles y peregrinos le esperaban. El Santo Padre en el jeep blanco abierto, pas\u00f3 entre los pasillos &hellip; <a href=\"https:\/\/www.biblia.work\/noticias\/francisco-en-la-audiencia-cual-es-el-secreto-para-mantenernos-alegres-en-la-esperanza\/\" class=\"more-link\">Continuar leyendo<span class=\"screen-reader-text\"> \u00abFrancisco en la audiencia: \u00bfCu\u00e1l es el secreto para mantenernos alegres en la esperanza?\u00bb<\/span><\/a><\/p>\n","protected":false},"author":1,"featured_media":0,"comment_status":"open","ping_status":"closed","sticky":false,"template":"","format":"standard","meta":{"footnotes":""},"categories":[1],"tags":[],"class_list":["post-12734","post","type-post","status-publish","format-standard","hentry","category-general"],"_links":{"self":[{"href":"https:\/\/www.biblia.work\/noticias\/wp-json\/wp\/v2\/posts\/12734","targetHints":{"allow":["GET"]}}],"collection":[{"href":"https:\/\/www.biblia.work\/noticias\/wp-json\/wp\/v2\/posts"}],"about":[{"href":"https:\/\/www.biblia.work\/noticias\/wp-json\/wp\/v2\/types\/post"}],"author":[{"embeddable":true,"href":"https:\/\/www.biblia.work\/noticias\/wp-json\/wp\/v2\/users\/1"}],"replies":[{"embeddable":true,"href":"https:\/\/www.biblia.work\/noticias\/wp-json\/wp\/v2\/comments?post=12734"}],"version-history":[{"count":0,"href":"https:\/\/www.biblia.work\/noticias\/wp-json\/wp\/v2\/posts\/12734\/revisions"}],"wp:attachment":[{"href":"https:\/\/www.biblia.work\/noticias\/wp-json\/wp\/v2\/media?parent=12734"}],"wp:term":[{"taxonomy":"category","embeddable":true,"href":"https:\/\/www.biblia.work\/noticias\/wp-json\/wp\/v2\/categories?post=12734"},{"taxonomy":"post_tag","embeddable":true,"href":"https:\/\/www.biblia.work\/noticias\/wp-json\/wp\/v2\/tags?post=12734"}],"curies":[{"name":"wp","href":"https:\/\/api.w.org\/{rel}","templated":true}]}}