{"id":12750,"date":"2017-03-15T11:15:02","date_gmt":"2017-03-15T16:15:02","guid":{"rendered":"http:\/\/www.biblia.work\/noticias\/siria-libano-y-oriente-medio-el-papa-invita-a-los-cristianos-a-practicar-el-himno-a-la-caridad\/"},"modified":"2017-03-15T11:15:02","modified_gmt":"2017-03-15T16:15:02","slug":"siria-libano-y-oriente-medio-el-papa-invita-a-los-cristianos-a-practicar-el-himno-a-la-caridad","status":"publish","type":"post","link":"https:\/\/www.biblia.work\/noticias\/siria-libano-y-oriente-medio-el-papa-invita-a-los-cristianos-a-practicar-el-himno-a-la-caridad\/","title":{"rendered":"Siria, L\u00edbano y Oriente Medio: el Papa invita a los cristianos a practicar el himno a la caridad"},"content":{"rendered":"<p style=\"text-align: justify\">(ZENIT- Ciudad del Vaticano, 15 Mar. 2017).- &#8220;M\u00e1s grave del odio es el amor vivido con hipocres\u00eda; es ego\u00edsmo disfrazado y travestido de amor&#8221;. Fue el mensaje dirigido a los peregrinos de lengua \u00e1rabe, en particular a aquellos provenientes de Siria, L\u00edbano y Oriente Medio.<\/p>\n<p style=\"text-align: justify\">A ellos el pont\u00edfice les record\u00f3 en los saludos que siguieron a su catequesis, que el amor verdadero, como ense\u00f1a san Pablo, &#8220;es paciente, es servicial; no es envidioso, no hace alarde, no se envanece, no procede con bajeza, no busca su propio inter\u00e9s, no se irrita, no tiene en cuenta el mal recibido, no se alegra de la injusticia, sino que se regocija con la verdad&#8221;.<\/p>\n<p style=\"text-align: justify\">Porque el amor &#8220;todo lo disculpa, todo lo cree, todo lo espera y todo lo soporta&#8221;, concluy\u00f3 el Papa antes de ser traducido en \u00e1rabe por su secretario Mons. Yoannis Lahzi\u00a0Gaid, copto de Egipto.<\/p>\n<p style=\"text-align: justify\">El Papa invit\u00f3 tambi\u00e9n a los peregrinos de lengua francesa a estar llenos de esperanza en el camino cuaresmal &#8220;ciertos de que a trav\u00e9s de nuestros fracasos, el amor de Dios es m\u00e1s fuerte y nos dona la ocasi\u00f3n de renovar nuestro coraz\u00f3n para estar a su servicio y al de nuestros hermanos&#8221;.<\/p>\n<p style=\"text-align: justify\">Al saludar a los peregrinos de lengua italiana el Papa demostr\u00f3 su alegr\u00eda al recibir a los participantes en el Congreso promovido por el Movimiento de los Focolares en ocasi\u00f3n del 50 aniversario de su fundaci\u00f3n. A ellos los anim\u00f3 a dar testimonio de la belleza de las nuevas familias, guiados por la paz y por el amor de Cristo.<\/p>\n<p style=\"text-align: justify\">A los peregrinos de lengua inglesa dese\u00f3 que la cuaresma sea &#8220;un tiempo de gracia y de renovaci\u00f3n espiritual&#8221; e invoc\u00f3 sobre todos ellos la alegr\u00eda y la paz del Se\u00f1or Jes\u00fas.<\/p>\n<p style=\"text-align: justify\">Al saludar a los peregrinos provenientes de los pa\u00edses de lengua alemana y de los Pa\u00edses Bajos, el Papa inst\u00f3 a que &#8220;plasmados por la gracia del Se\u00f1or&#8221; puedan &#8220;volcar en los hermanos el amor que Dios dona cada d\u00eda&#8221;. Mientras que para los peregrinos de lengua portuguesa pidi\u00f3 &#8220;que el Esp\u00edritu Santo ilumine las decisiones de sus vidas, para\u00a0cumplir fielmente la voluntad del Padre&#8221;.<\/p>\n<p style=\"text-align: justify\">Para los j\u00f3venes, los enfermos y los reci\u00e9n casados el pont\u00edfice dese\u00f3 que este tiempo cuaresmal favorezca el acercamiento a Dios, indicando para los primeros el &#8220;ayuno de las malas costumbres&#8221; para &#8220;adquirir mayor dominio sobre s\u00ed mismos&#8221;. La oraci\u00f3n como el medio para sentir cerca a Dios en el sufrimiento, a los enfermos, y el ejercicio de las obras de caridad a los reci\u00e9n casados para &#8220;vivir la propia existencia conyugal abri\u00e9ndola a las necesidades de los hermanos&#8221;.<\/p>\n<p><span class=\"et_bloom_bottom_trigger\"><\/span><\/p>\n<p><a href=\"https:\/\/es.zenit.org\/\" target=\"_blank\" rel=\"nofollow\">Fuente: es.zenit.org<\/a><\/p>\n","protected":false},"excerpt":{"rendered":"<p>(ZENIT- Ciudad del Vaticano, 15 Mar. 2017).- &#8220;M\u00e1s grave del odio es el amor vivido con hipocres\u00eda; es ego\u00edsmo disfrazado y travestido de amor&#8221;. Fue el mensaje dirigido a los peregrinos de lengua \u00e1rabe, en particular a aquellos provenientes de Siria, L\u00edbano y Oriente Medio. A ellos el pont\u00edfice les record\u00f3 en los saludos que &hellip; <a href=\"https:\/\/www.biblia.work\/noticias\/siria-libano-y-oriente-medio-el-papa-invita-a-los-cristianos-a-practicar-el-himno-a-la-caridad\/\" class=\"more-link\">Continuar leyendo<span class=\"screen-reader-text\"> \u00abSiria, L\u00edbano y Oriente Medio: el Papa invita a los cristianos a practicar el himno a la caridad\u00bb<\/span><\/a><\/p>\n","protected":false},"author":1,"featured_media":0,"comment_status":"open","ping_status":"closed","sticky":false,"template":"","format":"standard","meta":{"footnotes":""},"categories":[1],"tags":[],"class_list":["post-12750","post","type-post","status-publish","format-standard","hentry","category-general"],"_links":{"self":[{"href":"https:\/\/www.biblia.work\/noticias\/wp-json\/wp\/v2\/posts\/12750","targetHints":{"allow":["GET"]}}],"collection":[{"href":"https:\/\/www.biblia.work\/noticias\/wp-json\/wp\/v2\/posts"}],"about":[{"href":"https:\/\/www.biblia.work\/noticias\/wp-json\/wp\/v2\/types\/post"}],"author":[{"embeddable":true,"href":"https:\/\/www.biblia.work\/noticias\/wp-json\/wp\/v2\/users\/1"}],"replies":[{"embeddable":true,"href":"https:\/\/www.biblia.work\/noticias\/wp-json\/wp\/v2\/comments?post=12750"}],"version-history":[{"count":0,"href":"https:\/\/www.biblia.work\/noticias\/wp-json\/wp\/v2\/posts\/12750\/revisions"}],"wp:attachment":[{"href":"https:\/\/www.biblia.work\/noticias\/wp-json\/wp\/v2\/media?parent=12750"}],"wp:term":[{"taxonomy":"category","embeddable":true,"href":"https:\/\/www.biblia.work\/noticias\/wp-json\/wp\/v2\/categories?post=12750"},{"taxonomy":"post_tag","embeddable":true,"href":"https:\/\/www.biblia.work\/noticias\/wp-json\/wp\/v2\/tags?post=12750"}],"curies":[{"name":"wp","href":"https:\/\/api.w.org\/{rel}","templated":true}]}}