{"id":12751,"date":"2017-03-15T11:15:02","date_gmt":"2017-03-15T16:15:02","guid":{"rendered":"http:\/\/www.biblia.work\/noticias\/divulgan-el-programa-de-la-visita-del-santo-padre-francisco-a-carpi-2-de-abril-de-2017\/"},"modified":"2017-03-15T11:15:02","modified_gmt":"2017-03-15T16:15:02","slug":"divulgan-el-programa-de-la-visita-del-santo-padre-francisco-a-carpi-2-de-abril-de-2017","status":"publish","type":"post","link":"https:\/\/www.biblia.work\/noticias\/divulgan-el-programa-de-la-visita-del-santo-padre-francisco-a-carpi-2-de-abril-de-2017\/","title":{"rendered":"Divulgan el programa de la Visita del Santo Padre Francisco a Carpi (2 de abril de 2017)"},"content":{"rendered":"<p style=\"text-align: justify\">(ZENIT &#8211; Ciudad del Vaticano).- El programa de la visita apost\u00f3lica del papa Francisco a la ciudad italiana de Carpi, golpeada por el terremoto de 2012, ha sido publicado hoy por la Oficina de prensa de la Santa Sede.<\/p>\n<p style=\"text-align: justify\">La visita del Sucesor de Pedro poco despu\u00e9s de la solemne reapertura de la catedral, en este caso dedicada\u00a0a Santa Mar\u00eda Asunta, as\u00ed como el inicio de la construcci\u00f3n de diversas estructuras, es una se\u00f1al de \u00e1nimo y un s\u00edmbolo de que se puede volver a la normalidad.<\/p>\n<p style=\"text-align: justify\">&nbsp;<\/p>\n<p style=\"text-align: justify\"><strong>Domingo 2 de abril 2017<\/strong><\/p>\n<p style=\"text-align: justify\"><strong>08.15<\/strong> Salida del helipuerto del Vaticano<\/p>\n<p style=\"text-align: justify\"><strong>09.45<\/strong> Aterrizaje en el campo de rugby, pista di atl\u00e9tica \u201cDorando Pietri en Carpi<\/p>\n<p style=\"text-align: justify\"><strong>10.30<\/strong> Santa Misa en Piazza Martiri (Homil\u00eda)<\/p>\n<p style=\"text-align: justify\">Palabras de agradecimiento de S.E. Mons. Francesco Cavina,obispo de Carpi.<\/p>\n<p style=\"text-align: justify\">Al final de la Santa Misa \u00c1ngelus y bendici\u00f3n de las primeras piedras de tres nuevos edificios<br \/>\nde la di\u00f3cesis de Carpi: la parroquia de Santa \u00c1gata en Carpi, la Casa de ejercicios espirituales<br \/>\nde San Antonio en Novi, la \u201cCiudadela de la caridad \u201d en Carpi (\u00c1ngelus).<\/p>\n<p style=\"text-align: justify\"><strong>13.00<\/strong> Almuerzo en el Seminario episcopal con los obispos de la regi\u00f3n, los sacerdotes<br \/>\nancianos residentes en la Casa del Clero y los seminaristas<\/p>\n<p style=\"text-align: justify\"><strong>15.00<\/strong> Encuentro con los sacerdotes diocesanos, los seminaristas, los religiosos y las religiosas<br \/>\nen la capilla del Seminario (Discurso<br \/>\nPalabras de presentaci\u00f3n de S.E. Mons. Francesco Cavina, obispo de Carpi<br \/>\nTerminado el encuentro con el clero, el Santo Padre deja el Seminario y se detiene brevemente en la catedral<br \/>\nDesplazamiento en autom\u00f3vil a Mirandola<\/p>\n<p style=\"text-align: justify\"><strong>16.30<\/strong> Visita al Duomo de Mirandola<br \/>\nEl Santo Padre se detiene en la plaza adyacente a la entrada del Duomo,<br \/>\ntodav\u00eda en ruinas tras el terremoto. Discurso a las poblaciones afectadas por el terremoto.<br \/>\nEn la zona adyacente a la parroquia de San Giacomo Roncole de Mirandola:<br \/>\nOfrenda floral en el monumento que recuerda las v\u00edctimas del terremoto<\/p>\n<p style=\"text-align: justify\"><strong>17.30<\/strong> Despedida y despegue dal campo deportivo adyacente a la parroquia de San Giacomo Roncole<\/p>\n<p style=\"text-align: justify\"><strong>19.00<\/strong> Aterrizaje en el helipuerto Vaticano.<\/p>\n<p style=\"text-align: justify\">&nbsp;<\/p>\n<p style=\"text-align: justify\">&nbsp;<\/p>\n<p><span class=\"et_bloom_bottom_trigger\"><\/span><\/p>\n<p><a href=\"https:\/\/es.zenit.org\/\" target=\"_blank\" rel=\"nofollow\">Fuente: es.zenit.org<\/a><\/p>\n","protected":false},"excerpt":{"rendered":"<p>(ZENIT &#8211; Ciudad del Vaticano).- El programa de la visita apost\u00f3lica del papa Francisco a la ciudad italiana de Carpi, golpeada por el terremoto de 2012, ha sido publicado hoy por la Oficina de prensa de la Santa Sede. La visita del Sucesor de Pedro poco despu\u00e9s de la solemne reapertura de la catedral, en &hellip; <a href=\"https:\/\/www.biblia.work\/noticias\/divulgan-el-programa-de-la-visita-del-santo-padre-francisco-a-carpi-2-de-abril-de-2017\/\" class=\"more-link\">Continuar leyendo<span class=\"screen-reader-text\"> \u00abDivulgan el programa de la Visita del Santo Padre Francisco a Carpi (2 de abril de 2017)\u00bb<\/span><\/a><\/p>\n","protected":false},"author":1,"featured_media":0,"comment_status":"open","ping_status":"closed","sticky":false,"template":"","format":"standard","meta":{"footnotes":""},"categories":[1],"tags":[],"class_list":["post-12751","post","type-post","status-publish","format-standard","hentry","category-general"],"_links":{"self":[{"href":"https:\/\/www.biblia.work\/noticias\/wp-json\/wp\/v2\/posts\/12751","targetHints":{"allow":["GET"]}}],"collection":[{"href":"https:\/\/www.biblia.work\/noticias\/wp-json\/wp\/v2\/posts"}],"about":[{"href":"https:\/\/www.biblia.work\/noticias\/wp-json\/wp\/v2\/types\/post"}],"author":[{"embeddable":true,"href":"https:\/\/www.biblia.work\/noticias\/wp-json\/wp\/v2\/users\/1"}],"replies":[{"embeddable":true,"href":"https:\/\/www.biblia.work\/noticias\/wp-json\/wp\/v2\/comments?post=12751"}],"version-history":[{"count":0,"href":"https:\/\/www.biblia.work\/noticias\/wp-json\/wp\/v2\/posts\/12751\/revisions"}],"wp:attachment":[{"href":"https:\/\/www.biblia.work\/noticias\/wp-json\/wp\/v2\/media?parent=12751"}],"wp:term":[{"taxonomy":"category","embeddable":true,"href":"https:\/\/www.biblia.work\/noticias\/wp-json\/wp\/v2\/categories?post=12751"},{"taxonomy":"post_tag","embeddable":true,"href":"https:\/\/www.biblia.work\/noticias\/wp-json\/wp\/v2\/tags?post=12751"}],"curies":[{"name":"wp","href":"https:\/\/api.w.org\/{rel}","templated":true}]}}