{"id":12753,"date":"2017-03-15T12:15:02","date_gmt":"2017-03-15T17:15:02","guid":{"rendered":"http:\/\/www.biblia.work\/noticias\/el-pontifice-a-la-aic-vean-a-cristo-en-los-pobres-y-que-los-pobres-vean-a-cristo-en-ustedes\/"},"modified":"2017-03-15T12:15:02","modified_gmt":"2017-03-15T17:15:02","slug":"el-pontifice-a-la-aic-vean-a-cristo-en-los-pobres-y-que-los-pobres-vean-a-cristo-en-ustedes","status":"publish","type":"post","link":"https:\/\/www.biblia.work\/noticias\/el-pontifice-a-la-aic-vean-a-cristo-en-los-pobres-y-que-los-pobres-vean-a-cristo-en-ustedes\/","title":{"rendered":"El Pont\u00edfice a la AIC: \u2018Vean a Cristo en los pobres y que los pobres vean a Cristo en ustedes\u2019"},"content":{"rendered":"<p style=\"text-align: justify\">(ZENIT- Ciudad del Vaticano, 15 Mar. 2017).- El santo padre Francisco ha enviado una carta a los miembros de la Asociaci\u00f3n Internacional de Caridades (AIC), con motivo de los 400 a\u00f1os de fundaci\u00f3n de ese organismo, por san Vicente de Paul en la ciudad francesa de Chatill\u00f3n.<\/p>\n<p style=\"text-align: justify\">En el documento difundido este mi\u00e9rcoles, el Papa les anima a proseguir en su labor, recordando que \u201cno se trata solamente de encontrar a Cristo entre los pobres, pero que los pobres perciban a Cristo en ustedes y en vuestro actuar\u201d.<\/p>\n<p style=\"text-align: justify\">La AIC forma parte de la <a target=\"_blank\" rel=\"nofollow\" href=\"http:\/\/famvin.org\/es\/\">Familia Vicentina<\/a>, una comunidad de m\u00e1s de 2 millones de personas que re\u00fane las tres asociaciones fundadas por san Vicente de Pa\u00fal y otras numerosas asociaciones que est\u00e1n inspiradas en su proyecto.<\/p>\n<p style=\"text-align: justify\">A continuaci\u00f3n el mensaje:<\/p>\n<p style=\"text-align: justify\">&#8220;En este a\u00f1o, 2017, \u00a0se celebran los 400 a\u00f1os de las primeras Cofrad\u00edas de la Caridad, fundadas por San Vicente de Paul en Ch\u00e2tillon. Con alegr\u00eda me uno espiritualmente a ustedes para celebrar este aniversario y les expreso mis mejores deseos para que esta buena obra contin\u00fae con su misi\u00f3n de llevar un aut\u00e9ntico testimonio de la misericordia de Dios a los m\u00e1s pobres.<\/p>\n<p style=\"text-align: justify\">\u00a1Que este aniversario sea para vosotros una oportunidad para dar gracias a Dios por sus dones y para abrirse a sus sorpresas, para discernir, bajo el soplo del Esp\u00edritu Santo, nuevos caminos para que el servicio de la caridad sea siempre m\u00e1s fecundo!<\/p>\n<p style=\"text-align: justify\">Las Caridades nacen de la ternura y de la compasi\u00f3n del coraz\u00f3n de san Vicente por los m\u00e1s pobres, a menudo marginados o abandonados en los campos y en las ciudades. Su trabajo, con ellos y por ellos, quer\u00eda reflejar la bondad de Dios con sus criaturas. Ve\u00eda a los pobres como representantes de Jesucristo, como miembros de su cuerpo sufriente; era consciente de que los pobres, tambi\u00e9n ellos, estaban llamados a construir la Iglesia y, a su vez, a convertirnos.<\/p>\n<p style=\"text-align: justify\">Siguiendo a Vicente de Paul, que hab\u00eda confiado el cuidado de los pobres a los laicos, especialmente a las mujeres, vuestra Asociaci\u00f3n quiere promover el desarrollo de los menos favorecidos y aliviar la pobreza y los sufrimientos materiales, f\u00edsicos, morales y espirituales.<\/p>\n<p style=\"text-align: justify\">Y en la Providencia de Dios, se asienta el fundamento de este compromiso. \u00bfQu\u00e9 es la Providencia si no el amor de Dios, que act\u00faa en el mundo y solicita nuestra cooperaci\u00f3n?<\/p>\n<p style=\"text-align: justify\">Tambi\u00e9n hoy en d\u00eda deseo animarlos a acompa\u00f1ar a la persona en su integridad, prestando especial atenci\u00f3n a las precarias condiciones de vida de muchas mujeres y ni\u00f1os. La vida de fe, la vida unida a Cristo, nos permite percibir la realidad de la persona, su dignidad incomparable, no como una realidad limitada a los bienes materiales, a los problemas sociales, econ\u00f3micos y pol\u00edticos, sino verla como un ser creado a imagen y semejanza de Dios, como un hermano o una hermana, como nuestro pr\u00f3jimo del que somos responsables.<\/p>\n<p style=\"text-align: justify\">Para &#8220;ver&#8221; estas pobrezas y acercarse a ellas, no basta seguir grandes ideas sino vivir el misterio de la Encarnaci\u00f3n, ese misterio tan amado por San Vicente de Paul, misterio de ese Dios que se abaj\u00f3 haci\u00e9ndose hombre, que vivi\u00f3 entre nosotros y muri\u00f3 &#8220;para levantar al hombre y salvarlo&#8221;.<\/p>\n<p style=\"text-align: justify\">No son solo hermosas palabras ya que &#8220;se trata propio del ser y de la acci\u00f3n de Dios&#8221;. Este es el realismo que estamos llamados a vivir como Iglesia. Este es el motivo por el cual no existen una promoci\u00f3n humana ni una liberaci\u00f3n aut\u00e9ntica del hombre sin el anuncio del Evangelio &#8220;porque el aspecto m\u00e1s sublime de la dignidad humana se encuentra en esta vocaci\u00f3n del ser humano a la comuni\u00f3n con Dios&#8221;.<\/p>\n<p style=\"text-align: justify\">En la bula de convocaci\u00f3n para la apertura del a\u00f1o jubilar, manifestaba el deseo de que &#8220;los a\u00f1os por venir est\u00e9n impregnados de misericordia para poder ir al encuentro de cada persona llevando la bondad y la ternura de Dios! (n. 5)\u201d.<\/p>\n<p style=\"text-align: justify\">Les invito a seguir este camino. La credibilidad de la Iglesia pasa por el camino del amor misericordioso y de la compasi\u00f3n abiertas a la esperanza. Esta credibilidad tambi\u00e9n depende de vuestro testimonio personal: no se trata solamente de reencontrar a Cristo en los pobres, sino de que los pobres perciban a Cristo en vosotros y en vuestro actuar. Si est\u00e1n enraizados en la experiencia personal de Cristo podr\u00e1n contribuir tambi\u00e9n a una &#8220;cultura de la misericordia&#8221;, que renueva profundamente los corazones y abre a una nueva realidad.<\/p>\n<p style=\"text-align: justify\">Por \u00faltimo, les invito a contemplar el carisma de santa Luisa de Marillach, a quien san Vicente confi\u00f3 la organizaci\u00f3n y la coordinaci\u00f3n de las Caridades, y a encontrar en \u00e9l esa finura y esa delicadeza de la misericordia que nunca hiere ni humilla. sino que levanta y vuelve a dar valor y esperanza.<\/p>\n<p style=\"text-align: justify\">Les conf\u00edo a la intercesi\u00f3n de la Virgen Mar\u00eda, a la protecci\u00f3n de San Vicente de Paul y de Santa Luisa de Marillac, y les env\u00edo mi bendici\u00f3n apost\u00f3lica y pido que recen por m\u00ed. \u00a0 Vaticano 22 de febrero\u00a0 de 2017&#8243;.<\/p>\n<p><span class=\"et_bloom_bottom_trigger\"><\/span><\/p>\n<p><a href=\"https:\/\/es.zenit.org\/\" target=\"_blank\" rel=\"nofollow\">Fuente: es.zenit.org<\/a><\/p>\n","protected":false},"excerpt":{"rendered":"<p>(ZENIT- Ciudad del Vaticano, 15 Mar. 2017).- El santo padre Francisco ha enviado una carta a los miembros de la Asociaci\u00f3n Internacional de Caridades (AIC), con motivo de los 400 a\u00f1os de fundaci\u00f3n de ese organismo, por san Vicente de Paul en la ciudad francesa de Chatill\u00f3n. En el documento difundido este mi\u00e9rcoles, el Papa &hellip; <a href=\"https:\/\/www.biblia.work\/noticias\/el-pontifice-a-la-aic-vean-a-cristo-en-los-pobres-y-que-los-pobres-vean-a-cristo-en-ustedes\/\" class=\"more-link\">Continuar leyendo<span class=\"screen-reader-text\"> \u00abEl Pont\u00edfice a la AIC: \u2018Vean a Cristo en los pobres y que los pobres vean a Cristo en ustedes\u2019\u00bb<\/span><\/a><\/p>\n","protected":false},"author":1,"featured_media":0,"comment_status":"open","ping_status":"closed","sticky":false,"template":"","format":"standard","meta":{"footnotes":""},"categories":[1],"tags":[],"class_list":["post-12753","post","type-post","status-publish","format-standard","hentry","category-general"],"_links":{"self":[{"href":"https:\/\/www.biblia.work\/noticias\/wp-json\/wp\/v2\/posts\/12753","targetHints":{"allow":["GET"]}}],"collection":[{"href":"https:\/\/www.biblia.work\/noticias\/wp-json\/wp\/v2\/posts"}],"about":[{"href":"https:\/\/www.biblia.work\/noticias\/wp-json\/wp\/v2\/types\/post"}],"author":[{"embeddable":true,"href":"https:\/\/www.biblia.work\/noticias\/wp-json\/wp\/v2\/users\/1"}],"replies":[{"embeddable":true,"href":"https:\/\/www.biblia.work\/noticias\/wp-json\/wp\/v2\/comments?post=12753"}],"version-history":[{"count":0,"href":"https:\/\/www.biblia.work\/noticias\/wp-json\/wp\/v2\/posts\/12753\/revisions"}],"wp:attachment":[{"href":"https:\/\/www.biblia.work\/noticias\/wp-json\/wp\/v2\/media?parent=12753"}],"wp:term":[{"taxonomy":"category","embeddable":true,"href":"https:\/\/www.biblia.work\/noticias\/wp-json\/wp\/v2\/categories?post=12753"},{"taxonomy":"post_tag","embeddable":true,"href":"https:\/\/www.biblia.work\/noticias\/wp-json\/wp\/v2\/tags?post=12753"}],"curies":[{"name":"wp","href":"https:\/\/api.w.org\/{rel}","templated":true}]}}