{"id":12754,"date":"2017-03-15T12:15:02","date_gmt":"2017-03-15T17:15:02","guid":{"rendered":"http:\/\/www.biblia.work\/noticias\/pastoral-familiar-de-bolivia-las-leyes-deben-servir-y-proteger-no-matar-y-dividir\/"},"modified":"2017-03-15T12:15:02","modified_gmt":"2017-03-15T17:15:02","slug":"pastoral-familiar-de-bolivia-las-leyes-deben-servir-y-proteger-no-matar-y-dividir","status":"publish","type":"post","link":"https:\/\/www.biblia.work\/noticias\/pastoral-familiar-de-bolivia-las-leyes-deben-servir-y-proteger-no-matar-y-dividir\/","title":{"rendered":"Pastoral Familiar de Bolivia: \u201cLas leyes deben servir y proteger, no matar y dividir\u201d"},"content":{"rendered":"<p style=\"text-align: justify\">(ZENIT &#8211; Roma, 15 Mar. 2017).- El equipo de\u00a0animaci\u00f3n de la Pastoral Familiar a Nivel nacional reunido en la ciudad de Santa Cruz los d\u00edas 13 y 14 de marzo, denunciaron el intento\u00a0de despenalizaci\u00f3n del aborto a trav\u00e9s del Proyecto de Ley del C\u00f3digo del Sistema Penal.<\/p>\n<p style=\"text-align: justify\">En el documento publicado en la web de los obispos del pa\u00eds,\u00a0manifestaron su &#8220;total consonancia con la voz prof\u00e9tica de nuestros pastores, el rechazo a todas aquellas leyes que atentan contra la vida y la familia matando los valores de la vida social y la convivencia de los seres humanos&#8221;.<\/p>\n<p style=\"text-align: justify\">Enfatizaron del mensaje de los obispos bolivianos, dos principios:<\/p>\n<p style=\"text-align: justify\">1. \u201cEl derecho a la vida, en el que se fundan todos los dem\u00e1s, es para todos los seres humanos \u201csin distinci\u00f3n\u201d. La vida es un don de Dios y nadie puede disponer de ella en ninguna circunstancia\u201d.<\/p>\n<p style=\"text-align: justify\">2. \u201cEsta propuesta de ley distorsiona el sistema penal introduciendo la pobreza como raz\u00f3n de impunidad para delitos como el infanticidio y la eutanasia, como si ser pobre fuese justificativo suficiente para violar cualquier ley\u201d.<\/p>\n<p style=\"text-align: justify\">&#8220;Nos unimos a todas las familias que se sienten heridas en sus principios y valores. Las leyes deben estar para servir y proteger, no para matar y dividir&#8221;, indican y exigen\u00a0&#8220;respeto al derecho que tiene toda persona a la vida, desde el momento de la concepci\u00f3n hasta la muerte natural.<\/p>\n<p style=\"text-align: justify\">El Papa Francisco nos impulsa &#8211;concluye el comunicado&#8211; a asumir que \u201cla defensa de estos derechos es una llamada prof\u00e9tica en favor de la instituci\u00f3n familiar que debe ser respetada y defendida contra toda agresi\u00f3n\u201d. (<em>Amoris Laetitia<\/em> 44)<\/p>\n<p><span class=\"et_bloom_bottom_trigger\"><\/span><\/p>\n<p><a href=\"https:\/\/es.zenit.org\/\" target=\"_blank\" rel=\"nofollow\">Fuente: es.zenit.org<\/a><\/p>\n","protected":false},"excerpt":{"rendered":"<p>(ZENIT &#8211; Roma, 15 Mar. 2017).- El equipo de\u00a0animaci\u00f3n de la Pastoral Familiar a Nivel nacional reunido en la ciudad de Santa Cruz los d\u00edas 13 y 14 de marzo, denunciaron el intento\u00a0de despenalizaci\u00f3n del aborto a trav\u00e9s del Proyecto de Ley del C\u00f3digo del Sistema Penal. En el documento publicado en la web de &hellip; <a href=\"https:\/\/www.biblia.work\/noticias\/pastoral-familiar-de-bolivia-las-leyes-deben-servir-y-proteger-no-matar-y-dividir\/\" class=\"more-link\">Continuar leyendo<span class=\"screen-reader-text\"> \u00abPastoral Familiar de Bolivia: \u201cLas leyes deben servir y proteger, no matar y dividir\u201d\u00bb<\/span><\/a><\/p>\n","protected":false},"author":1,"featured_media":0,"comment_status":"open","ping_status":"closed","sticky":false,"template":"","format":"standard","meta":{"footnotes":""},"categories":[1],"tags":[],"class_list":["post-12754","post","type-post","status-publish","format-standard","hentry","category-general"],"_links":{"self":[{"href":"https:\/\/www.biblia.work\/noticias\/wp-json\/wp\/v2\/posts\/12754","targetHints":{"allow":["GET"]}}],"collection":[{"href":"https:\/\/www.biblia.work\/noticias\/wp-json\/wp\/v2\/posts"}],"about":[{"href":"https:\/\/www.biblia.work\/noticias\/wp-json\/wp\/v2\/types\/post"}],"author":[{"embeddable":true,"href":"https:\/\/www.biblia.work\/noticias\/wp-json\/wp\/v2\/users\/1"}],"replies":[{"embeddable":true,"href":"https:\/\/www.biblia.work\/noticias\/wp-json\/wp\/v2\/comments?post=12754"}],"version-history":[{"count":0,"href":"https:\/\/www.biblia.work\/noticias\/wp-json\/wp\/v2\/posts\/12754\/revisions"}],"wp:attachment":[{"href":"https:\/\/www.biblia.work\/noticias\/wp-json\/wp\/v2\/media?parent=12754"}],"wp:term":[{"taxonomy":"category","embeddable":true,"href":"https:\/\/www.biblia.work\/noticias\/wp-json\/wp\/v2\/categories?post=12754"},{"taxonomy":"post_tag","embeddable":true,"href":"https:\/\/www.biblia.work\/noticias\/wp-json\/wp\/v2\/tags?post=12754"}],"curies":[{"name":"wp","href":"https:\/\/api.w.org\/{rel}","templated":true}]}}