{"id":12755,"date":"2017-03-15T12:15:02","date_gmt":"2017-03-15T17:15:02","guid":{"rendered":"http:\/\/www.biblia.work\/noticias\/san-juan-de-brebeuf-16-de-marzo\/"},"modified":"2017-03-15T12:15:02","modified_gmt":"2017-03-15T17:15:02","slug":"san-juan-de-brebeuf-16-de-marzo","status":"publish","type":"post","link":"https:\/\/www.biblia.work\/noticias\/san-juan-de-brebeuf-16-de-marzo\/","title":{"rendered":"San Juan de Br\u00e9beuf \u2013\u00a016 de marzo"},"content":{"rendered":"<p style=\"text-align: justify\">(ZENIT &#8211; Madrid).- \u00abNo morir\u00e9 sino por ti Jes\u00fas, que te dignaste morir por m\u00ed [\u2026]. Prometo ante tu eterno Padre y el Esp\u00edritu Santo, ante tu sant\u00edsima Madre y su cast\u00edsimo esposo, ante los \u00e1ngeles, los ap\u00f3stoles y los m\u00e1rtires y mi bienaventurado padre Ignacio y el bienaventurado Francisco Javier, y te prometo a ti, mi Salvador Jes\u00fas, que nunca me sustraer\u00e9, en lo que de mi dependa, a la gracia del martirio, si alguna vez, por tu misericordia infinita me la ofreces a m\u00ed, indign\u00edsimo siervo tuyo&#8230;\u00bb. Ardientemente suplic\u00f3 y recibi\u00f3 Juan esta gracia del martirio a la que fue fidel\u00edsimo, sufriendo uno de los m\u00e1s espantosos que se conocen.<\/p>\n<p style=\"text-align: justify\">Pertenec\u00eda a una acomodada familia de terratenientes. Nacio en Cond\u00e9-sur-Vire, Normand\u00eda oriental, el 25 de marzo de 1593. All\u00ed imperaba el calvinismo, pero los suyos profesaban la fe cat\u00f3lica. Curs\u00f3 estudios de filosof\u00eda y teolog\u00eda en la universidad de Caen. A los 21 a\u00f1os entr\u00f3 en una v\u00eda de discernimiento vocacional. Se dispuso a ingresar en la Compa\u00f1\u00eda de Jes\u00fas, pero asuntos familiares le obligaron a posponer su incorporaci\u00f3n hasta 1617. Ten\u00eda 24 a\u00f1os. Realiz\u00f3 el noviciado en Rouen donde se le consider\u00f3 como una vocaci\u00f3n tard\u00eda. Su dificultad para asimilar las materias se contrarrest\u00f3 con una formaci\u00f3n personalizada.<\/p>\n<p style=\"text-align: justify\">Profes\u00f3 en 1619 y fue destinado a la docencia. Contrajo la tuberculosis y tuvo que abandonar las aulas. Su estado era tan grave que, ante el riesgo de muerte, el provincial propici\u00f3 su ordenaci\u00f3n en 1622. La mejor\u00eda fue tal que ese mismo a\u00f1o reanud\u00f3 con br\u00edo las misiones que le encomendaron: ayudante de ec\u00f3nomo del colegio y despu\u00e9s ec\u00f3nomo titular. Bajo su responsabilidad ten\u00eda 600 alumnos. M\u00e1s tarde, por indicaci\u00f3n del provincial de Francia, asumi\u00f3 las misiones de la Nueva Francia. La noticia, tan querida como inesperada, le llen\u00f3 de alegr\u00eda. Sabiendo que los franciscanos requer\u00edan la presencia de jesuitas para atender las fundaciones de Canad\u00e1, a\u00fan pensando que su ofrecimiento no ser\u00eda acogido, se prest\u00f3 para viajar a ese pa\u00eds.<\/p>\n<p style=\"text-align: justify\">En 1625 parti\u00f3 a la misi\u00f3n de Quebec acompa\u00f1ado de dos religiosos. Unos meses m\u00e1s tarde, despu\u00e9s de haberse familiarizado con la lengua de los algonquines, se apresur\u00f3 a evangelizar a los hurones. Informado de la alta peligrosidad de la zona, no temi\u00f3 por su vida y se estableci\u00f3 en el lugar. Desde all\u00ed extendi\u00f3 su radio de acci\u00f3n a otros lugares habitados tambi\u00e9n por los hurones. Fue una etapa de profunda actividad y esfuerzo que le permiti\u00f3 asimilar sus condiciones de vida y costumbres, acogidas por \u00e9l como si fuera uno de ellos. Realiz\u00f3 viajes extenuantes por bosques y lagos, soport\u00f3 inclemencias, plagas, falta de higiene de los indios, y muchos problemas de distinta \u00edndole. Otros religiosos no fueron capaces de integrarse y regresaron. Al final se encontr\u00f3 solo, pero se mantuvo firme en su misi\u00f3n. Sus ansias martiriales, vinculadas a su celo apost\u00f3lico, segu\u00edan intactas: \u00abDios m\u00edo, \u00a1cu\u00e1nto me duele el que no seas conocido, el que esta regi\u00f3n extranjera no se haya a\u00fan convertido enteramente a ti, el hecho de que el pecado no haya sido a\u00fan exterminado de ella! S\u00ed, Dios m\u00edo, si han de caer sobre m\u00ed todos los tormentos que han de sufrir, con toda su ferocidad y crueldad, los cautivos en esta regi\u00f3n, de buena gana me ofrezco a soportarlos yo solo\u00bb.<\/p>\n<p style=\"text-align: justify\">En 1629 tuvo que retornar a Francia, momento en el que emiti\u00f3 sus votos perpetuos. Develan irrevocable fidelidad: \u00abSea yo destrozado antes de violar voluntariamente una disposici\u00f3n de las Constituciones. Nunca descansar\u00e9, jam\u00e1s he de decir: basta\u00bb. En 1633 regres\u00f3 junto a los hurones de Ihonatiria. Fund\u00f3 la Misi\u00f3n de San Jos\u00e9 y emprendi\u00f3 otra intensa labor apost\u00f3lica. Tres a\u00f1os m\u00e1s tarde, los frutos eran visibles. Pudo enviar a 12 j\u00f3venes hurones a Quebec para ser educados en la Misi\u00f3n de Nuestra Se\u00f1ora de los \u00c1ngeles. Pero se desencadenaron varias epidemias, que una parte de los hurones achacaron a la presencia de los misioneros, por lo que fueron amenazados y Juan pens\u00f3 que podr\u00eda morir. Cuando se desat\u00f3 una de ellas en San Jos\u00e9, el \u00fanico que se mantuvo indemne fue \u00e9l, que hab\u00eda desafiado a los hechiceros. En 1637 fund\u00f3 en Ossosan\u00e9, la capital hurona. Nueva plaga, en este caso de viruela, contribuy\u00f3 a incrementar la hostilidad. El convencimiento de la gente era que los \u00absotanas negros\u00bb ocasionaban tales desgracias. Juan escribi\u00f3 su voto de martirio que recitaba todos los d\u00edas en la misa. Parte de la poblaci\u00f3n le quer\u00eda. Por eso, en febrero de 1638 fue nombrado jefe hur\u00f3n. Sigui\u00f3 un periodo de altibajos en lo que concierne a las bendiciones apost\u00f3licas hasta que en una de sus misiones sufri\u00f3 una ca\u00edda y regres\u00f3 a Quebec.<\/p>\n<p style=\"text-align: justify\">En 1641 fue nombrado superior de Sillery. Hasta all\u00ed llegaron evidencias de los atroces martirios contra los hermanos que hab\u00eda enviado a evangelizar. Las huellas de las torturas de los que regresaban con vida eran estremecedoras. Juan, vertiendo sus l\u00e1grimas por ellos, sigui\u00f3 incansable, impulsando las misiones. Diez intensos a\u00f1os de entrega entre los ind\u00edgenas en los que hab\u00eda administrado el bautismo a 50 personas le permit\u00edan trasladar con propiedad a sus superiores esta impresi\u00f3n: \u00abEste campo de misi\u00f3n tendr\u00e1 su fruto m\u00e1s tarde, pero solo mediante una paciencia casi sobrehumana\u00bb. Volvi\u00f3 con los hurones en 1644. Y cuando llevaba veinte a\u00f1os en la regi\u00f3n, encontr\u00f3 la palma del martirio. Sucedi\u00f3 en 1649. Despu\u00e9s de fundar en el territorio de los iroqueses, muchos de los cuales le persegu\u00edan a \u00e9l y a la comunidad, un grupo de ellos le apres\u00f3 en la Misi\u00f3n de San Lu\u00eds.<\/p>\n<p style=\"text-align: justify\">Los suplicios fueron terribles. \u00c9l oraba: \u00abJes\u00fas, ten misericordia\u00bb; mientras, los hurones respond\u00edan: \u00abEchon (era el nombre que le daban), ruega por nosotros\u00bb. Su valent\u00eda ante tanta crueldad hizo creer a los feroces verdugos que estaban frente a alguien que excediendo con creces lo humano se hallaba cerca de lo sobrenatural. La tarde del 16 de marzo de 1649 expir\u00f3. P\u00edo XI lo canoniz\u00f3 el 29 de junio de 1930 junto a varios misioneros jesuitas. Fueron declarados patronos de la evangelizaci\u00f3n de Am\u00e9rica del Norte.<\/p>\n<p><span class=\"et_bloom_bottom_trigger\"><\/span><\/p>\n<p><a href=\"https:\/\/es.zenit.org\/\" target=\"_blank\" rel=\"nofollow\">Fuente: es.zenit.org<\/a><\/p>\n","protected":false},"excerpt":{"rendered":"<p>(ZENIT &#8211; Madrid).- \u00abNo morir\u00e9 sino por ti Jes\u00fas, que te dignaste morir por m\u00ed [\u2026]. Prometo ante tu eterno Padre y el Esp\u00edritu Santo, ante tu sant\u00edsima Madre y su cast\u00edsimo esposo, ante los \u00e1ngeles, los ap\u00f3stoles y los m\u00e1rtires y mi bienaventurado padre Ignacio y el bienaventurado Francisco Javier, y te prometo a &hellip; <a href=\"https:\/\/www.biblia.work\/noticias\/san-juan-de-brebeuf-16-de-marzo\/\" class=\"more-link\">Continuar leyendo<span class=\"screen-reader-text\"> \u00abSan Juan de Br\u00e9beuf \u2013\u00a016 de marzo\u00bb<\/span><\/a><\/p>\n","protected":false},"author":1,"featured_media":0,"comment_status":"open","ping_status":"closed","sticky":false,"template":"","format":"standard","meta":{"footnotes":""},"categories":[1],"tags":[],"class_list":["post-12755","post","type-post","status-publish","format-standard","hentry","category-general"],"_links":{"self":[{"href":"https:\/\/www.biblia.work\/noticias\/wp-json\/wp\/v2\/posts\/12755","targetHints":{"allow":["GET"]}}],"collection":[{"href":"https:\/\/www.biblia.work\/noticias\/wp-json\/wp\/v2\/posts"}],"about":[{"href":"https:\/\/www.biblia.work\/noticias\/wp-json\/wp\/v2\/types\/post"}],"author":[{"embeddable":true,"href":"https:\/\/www.biblia.work\/noticias\/wp-json\/wp\/v2\/users\/1"}],"replies":[{"embeddable":true,"href":"https:\/\/www.biblia.work\/noticias\/wp-json\/wp\/v2\/comments?post=12755"}],"version-history":[{"count":0,"href":"https:\/\/www.biblia.work\/noticias\/wp-json\/wp\/v2\/posts\/12755\/revisions"}],"wp:attachment":[{"href":"https:\/\/www.biblia.work\/noticias\/wp-json\/wp\/v2\/media?parent=12755"}],"wp:term":[{"taxonomy":"category","embeddable":true,"href":"https:\/\/www.biblia.work\/noticias\/wp-json\/wp\/v2\/categories?post=12755"},{"taxonomy":"post_tag","embeddable":true,"href":"https:\/\/www.biblia.work\/noticias\/wp-json\/wp\/v2\/tags?post=12755"}],"curies":[{"name":"wp","href":"https:\/\/api.w.org\/{rel}","templated":true}]}}