{"id":12757,"date":"2017-03-15T13:10:02","date_gmt":"2017-03-15T18:10:02","guid":{"rendered":"http:\/\/www.biblia.work\/noticias\/empresas-prohibiran-a-sus-empleados-usar-simbolos-cristianos\/"},"modified":"2017-03-15T13:10:02","modified_gmt":"2017-03-15T18:10:02","slug":"empresas-prohibiran-a-sus-empleados-usar-simbolos-cristianos","status":"publish","type":"post","link":"https:\/\/www.biblia.work\/noticias\/empresas-prohibiran-a-sus-empleados-usar-simbolos-cristianos\/","title":{"rendered":"Empresas prohibir\u00e1n a sus empleados usar s\u00edmbolos cristianos"},"content":{"rendered":"<p style=\"text-align: justify\">EUROPA. &#8211; El Tribunal de Justicia de la Uni\u00f3n Europea ha dictaminado que las empresas privadas pueden regular la vestimenta de los trabajadores como considere adecuado, sin que se las pueda acusar de discriminaci\u00f3n contra las creencias de sus empleados.<\/p>\n<p style=\"text-align: justify\">La sentencia pone de nuevo sobre la mesa el debate sobre la libertad religiosa en el \u00e1mbito de trabajo y su regulaci\u00f3n, que ha dado sentencias diversas y en ocasiones contradictorias en los \u00faltimos a\u00f1os. Este martes el tribunal daba sentencia al caso de Samira Achbita, una trabajadora belga de confesi\u00f3n musulmana, que fue contratada por la empresa G4S para el puesto de recepcionista.<\/p>\n<p style=\"text-align: justify\">En 2006, Achbita solicit\u00f3 vestir el velo musulm\u00e1n en su lugar de trabajo, pero desde la direcci\u00f3n de la empresa se expres\u00f3 que no se tolerar\u00eda el uso del pa\u00f1uelo. Para ello, aprobaron un reglamento interno que prohib\u00eda \u201cllevar signos visibles de sus convicciones pol\u00edticas, filos\u00f3ficas o religiosas u observar cualquier rito derivado de \u00e9stas en el lugar de trabajo\u201d. La empleada insisti\u00f3 en llevar el velo a pesar de la prohibici\u00f3n, por lo que fue despedida.<\/p>\n<p style=\"text-align: justify\">Achbita recurri\u00f3 al tribunal de casaci\u00f3n belga, que present\u00f3 el caso ante el Tribunal de la UE para dictaminar si \u201cla prohibici\u00f3n de llevar un pa\u00f1uelo isl\u00e1mico a causa de una norma interna general de una empresa privada constituye una discriminaci\u00f3n directa\u201d.<\/p>\n<p style=\"text-align: justify\">El tribunal ha dado la raz\u00f3n a la empresa, dado que entiende que \u201cla norma interna de G4S tiene por objeto el uso de signos visibles de convicciones pol\u00edticas, filos\u00f3ficas o religiosas y, por ende, ata\u00f1e indistintamente a cualquier manifestaci\u00f3n de tales convicciones.<\/p>\n<p style=\"text-align: justify\">Por consiguiente, dicha norma trata por igual a todos los trabajadores de la empresa, ya que les impone en particular, de forma general e indiferenciada, una neutralidad indumentaria\u201d. Tras todo el proceso, los jueces no encuentran ninguna evidencia de que la denunciante haya sido, en ese sentido, discriminada particularmente porque las normas eran las mismas para todos los trabajadores.<\/p>\n<p style=\"text-align: justify\">\u201cEn consecuencia, tal norma interna no establece una diferencia de trato basada directamente en la religi\u00f3n o las convicciones en el sentido de la Directiva\u201d. Sin embargo, la sentencia refleja un matiz importante, expresando que no se debe descartar que el juez nacional llegue a considerar que la norma de la empresa afecta de forma particular a alg\u00fan credo que implique un uso de vestimenta espec\u00edfico, como es el caso planteado.<\/p>\n<p style=\"text-align: justify\">Adem\u00e1s, la sentencia se\u00f1ala \u201cque el deseo de un empresario de ofrecer una imagen neutra ante sus clientes tanto del sector p\u00fablico como del sector privado tiene un car\u00e1cter leg\u00edtimo, en particular cuando solo ata\u00f1e a los trabajadores que est\u00e1n en contacto con los clientes, ya que dicho deseo est\u00e1 vinculado a la libertad de empresa, reconocida en la Carta\u201d.<\/p>\n<p style=\"text-align: justify\">Por eso, considera que \u201cla prohibici\u00f3n del uso visible de signos de convicciones pol\u00edticas, filos\u00f3ficas o religiosas es apta para garantizar la correcta aplicaci\u00f3n de un r\u00e9gimen de neutralidad, siempre que dicho r\u00e9gimen se persiga realmente de forma congruente y sistem\u00e1tica\u201d.<\/p>\n<p style=\"text-align: justify\">Otro caso similar se produjo en Reino Unido en 2011, cuando una azafata de vuelo fue despedida de British Airways por llevar colgada una cruz al cuello. En 2013, el Tribunal de Derechos Humanos de Estrasburgo dictamin\u00f3 que la solicitud de British Airways a su empleada de quitarse la cruz \u201cequival\u00eda a una injerencia en su derecho a manifestar su religi\u00f3n\u201d.<\/p>\n<p style=\"text-align: justify\">El Reino Unido tuvo que indemnizar a la demandante, Nadia Eweida, de 61 a\u00f1os, con 2.000 euros por da\u00f1os morales y 30.000 euros por los costes del proceso al entender que existi\u00f3 una violaci\u00f3n del art\u00edculo 9 del Convenio Europeo de Derechos Humanos, referente a la libertad de religi\u00f3n.<\/p>\n<p style=\"text-align: justify\">Por otro lado, y en una sentencia similar pero contradictoria, el Tribunal de Derechos Humanos de Estrasburgo fall\u00f3 en contra de la exenfermera de 58 a\u00f1os del Royal Hospital de Devon y Exeter (en el suroeste de Inglaterra) Shirley Chaplin, a quien tambi\u00e9n se le prohibi\u00f3 lucir el crucifijo que colgaba de su cuello y, ante su negativa, termin\u00f3 por despedirla en 2010, tras 21 a\u00f1os en plantilla.<\/p>\n<p style=\"text-align: justify\">Fuente: Protestante Digital<\/p>\n<p style=\"text-align: justify\">La entrada <a rel=\"nofollow\" href=\"http:\/\/www.noticiacristiana.com\/sociedad\/iglesiaestado\/2017\/03\/empresas-prohibo-simbolos-cristianos.html\">Empresas prohibir\u00e1n a sus empleados usar s\u00edmbolos cristianos<\/a> aparece primero en <a rel=\"nofollow\" href=\"http:\/\/www.noticiacristiana.com\">NoticiaCristiana.com<\/a>.<\/p>\n","protected":false},"excerpt":{"rendered":"<p>EUROPA. &#8211; El Tribunal de Justicia de la Uni\u00f3n Europea ha dictaminado que las empresas privadas pueden regular la vestimenta de los trabajadores como considere adecuado, sin que se las pueda acusar de discriminaci\u00f3n contra las creencias de sus empleados. La sentencia pone de nuevo sobre la mesa el debate sobre la libertad religiosa en &hellip; <a href=\"https:\/\/www.biblia.work\/noticias\/empresas-prohibiran-a-sus-empleados-usar-simbolos-cristianos\/\" class=\"more-link\">Continuar leyendo<span class=\"screen-reader-text\"> \u00abEmpresas prohibir\u00e1n a sus empleados usar s\u00edmbolos cristianos\u00bb<\/span><\/a><\/p>\n","protected":false},"author":1,"featured_media":0,"comment_status":"open","ping_status":"closed","sticky":false,"template":"","format":"standard","meta":{"footnotes":""},"categories":[1],"tags":[],"class_list":["post-12757","post","type-post","status-publish","format-standard","hentry","category-general"],"_links":{"self":[{"href":"https:\/\/www.biblia.work\/noticias\/wp-json\/wp\/v2\/posts\/12757","targetHints":{"allow":["GET"]}}],"collection":[{"href":"https:\/\/www.biblia.work\/noticias\/wp-json\/wp\/v2\/posts"}],"about":[{"href":"https:\/\/www.biblia.work\/noticias\/wp-json\/wp\/v2\/types\/post"}],"author":[{"embeddable":true,"href":"https:\/\/www.biblia.work\/noticias\/wp-json\/wp\/v2\/users\/1"}],"replies":[{"embeddable":true,"href":"https:\/\/www.biblia.work\/noticias\/wp-json\/wp\/v2\/comments?post=12757"}],"version-history":[{"count":0,"href":"https:\/\/www.biblia.work\/noticias\/wp-json\/wp\/v2\/posts\/12757\/revisions"}],"wp:attachment":[{"href":"https:\/\/www.biblia.work\/noticias\/wp-json\/wp\/v2\/media?parent=12757"}],"wp:term":[{"taxonomy":"category","embeddable":true,"href":"https:\/\/www.biblia.work\/noticias\/wp-json\/wp\/v2\/categories?post=12757"},{"taxonomy":"post_tag","embeddable":true,"href":"https:\/\/www.biblia.work\/noticias\/wp-json\/wp\/v2\/tags?post=12757"}],"curies":[{"name":"wp","href":"https:\/\/api.w.org\/{rel}","templated":true}]}}