{"id":12776,"date":"2017-03-16T07:05:02","date_gmt":"2017-03-16T12:05:02","guid":{"rendered":"http:\/\/www.biblia.work\/noticias\/papa-francisco-maldito-el-hombre-que-confia-en-si-mismo-en-su-corazon\/"},"modified":"2017-03-16T07:05:02","modified_gmt":"2017-03-16T12:05:02","slug":"papa-francisco-maldito-el-hombre-que-confia-en-si-mismo-en-su-corazon","status":"publish","type":"post","link":"https:\/\/www.biblia.work\/noticias\/papa-francisco-maldito-el-hombre-que-confia-en-si-mismo-en-su-corazon\/","title":{"rendered":"Papa Francisco: \u201cMaldito el hombre que conf\u00eda en s\u00ed mismo, en su coraz\u00f3n\u201d"},"content":{"rendered":"<p> VATICANO, 16 Mar. 17 (ACI).-<br \/>\n\t&ldquo;No hay nada m&aacute;s traicionero que el coraz&oacute;n&rdquo;, advirti&oacute; el Papa Francisco durante la Misa matutina celebrada en la Casa Santa Marta, en el Vaticano. &ldquo;&iexcl;Maldito el hombre que conf&iacute;a en s&iacute; mismo, que conf&iacute;a en su coraz&oacute;n!&rdquo;, exclam&oacute; recitando el Salmo 1.<\/p>\n<p style=\"text-align: justify\">\n\tEn la homil&iacute;a, el Santo Padre coment&oacute; la par&aacute;bola del rico y el pobre L&aacute;zaro. El rico &ldquo;sab&iacute;a que era rico: lo sab&iacute;a. Porque luego, cuando habla con el padre Abraham, dice: &lsquo;Env&iacute;ame a L&aacute;zaro&rsquo;. &iexcl;Ah, que incluso sab&iacute;a c&oacute;mo se llamaba! Pero no le importaba. &iquest;Era un hombre pecador? S&iacute;. Pero del pecado se puede salir: si pide perd&oacute;n, el Se&ntilde;or perdona. Pero el coraz&oacute;n le hab&iacute;a llevado por un camino de muerte hasta el punto de no poder volver atr&aacute;s&rdquo;.<\/p>\n<p style=\"text-align: justify\">\n\t&ldquo;Hay un punto &ndash;explic&oacute; Francisco&ndash;, hay un momento, hay un l&iacute;mite a partir del cual dif&iacute;cilmente se puede volver atr&aacute;s. Ese momento se produce cuando el pecado se transforma en corrupci&oacute;n. Esta persona, el rico de la par&aacute;bola, no era un pecador, era un corrupto. Porque sab&iacute;a de la existencia de la miseria, pero era feliz a pesar de todo y no le importaba nada&rdquo;.<\/p>\n<p style=\"text-align: justify\">\n\tEsta lectura es una advertencia de que &ldquo;el hombre que conf&iacute;a en el hombre pone su existencia en la carne, es decir, en aquello que puede manejar, en la vanidad, en el orgullo, en las riquezas&rdquo;. Todo ello produce un &ldquo;alejamiento del Se&ntilde;or&rdquo;.<\/p>\n<p style=\"text-align: justify\">\n\tPor el contrario, el Papa destac&oacute; &ldquo;la fecundidad del hombre que conf&iacute;a en el Se&ntilde;or, frente a la esterilidad del hombre que conf&iacute;a en s&iacute; mismo&rdquo;. &ldquo;Ese camino, es un camino peligrosa, un camino resbaladizo, cuando solamente conf&iacute;o en mi coraz&oacute;n, que es traicionero y peligroso&rdquo;.<\/p>\n<p style=\"text-align: justify\">\n\t&ldquo;Cuando una persona vive en su ambiente cerrado, respira ese aire de sus propios bienes, de su satisfacci&oacute;n, de su vanidad, de sentirse seguro, y se f&iacute;a s&oacute;lo de s&iacute; mismo, pierde la orientaci&oacute;n, pierde la br&uacute;jula y no sabe d&oacute;nde est&aacute;n los l&iacute;mites&rdquo;.<\/p>\n<p style=\"text-align: justify\">\n\tEl Pont&iacute;fice quiso llevar al terreno de la vida cotidiana la escena evang&eacute;lica entre el rico y el pobre L&aacute;zaro: &ldquo;&iquest;Qu&eacute; sentimos en el coraz&oacute;n cuando vamos por la calle y vemos a las personas sin hogar, a los ni&ntilde;os abandonados que piden una limosna? &ndash;se pregunt&oacute;&ndash;. &lsquo;No, es que estos son de esa etnia que roban&hellip;&rsquo;. &iquest;Voy adelante actuando as&iacute;?&rdquo;.<\/p>\n<p style=\"text-align: justify\">\n\t&ldquo;Los sintecho, los pobres, los abandonados, incluso los sintecho bien vestidos que no tienen dinero para pagar el alquiler porque no tienen trabajo. &iquest;Qu&eacute; es lo que siento? Esto forma parte del panorama, del paisaje de una ciudad, como una estatua, como la parada del autob&uacute;s, la oficina postal&hellip; &iquest;Tambi&eacute;n los sintecho son parte de la ciudad? &iquest;Es esto normal?&rdquo;.<\/p>\n<p style=\"text-align: justify\">\n\t&ldquo;Estad atentos. Estemos atentos. Cuando estas cosas suenan como algo normal en nuestro coraz&oacute;n, cuando nos justificamos diciendo &lsquo;es que as&iacute; es la vida. Como, bebo, pero para quitarme un poco de culpa doy una limosna y sigo adelante&rsquo;, entonces no vamos por buen camino&rdquo;, advirti&oacute;.<\/p>\n<p style=\"text-align: justify\">\n\t&ldquo;Por eso, pidamos al Se&ntilde;or: &lsquo;Escruta, Dios, mi coraz&oacute;n. Mira si recorro el camino equivocado, si estoy avanzando por ese camino resbaladizo del pecado, de la corrupci&oacute;n, en el cual no se puede dar media vuelta y gu&iacute;ame hacia el camino de la vida eterna&rsquo;&rdquo;.<\/p>\n<p style=\"text-align: justify\">\n\tLectura comentada por el Papa Francisco:<\/p>\n<p style=\"text-align: justify\">\n\tLucas 16:19-31<\/p>\n<p style=\"text-align: justify\">\n\t19 &laquo;Era un hombre rico que vest&iacute;a de p&uacute;rpura y lino, y celebraba todos los d&iacute;as espl&eacute;ndidas fiestas.<\/p>\n<p style=\"text-align: justify\">\n\t20 Y uno pobre, llamado L&aacute;zaro, que, echado junto a su portal, cubierto de llagas,<\/p>\n<p style=\"text-align: justify\">\n\t21 deseaba hartarse de lo que ca&iacute;a de la mesa del rico&#8230; pero hasta los perros ven&iacute;an y le lam&iacute;an las llagas.<\/p>\n<p style=\"text-align: justify\">\n\t22 Sucedi&oacute;, pues, que muri&oacute; el pobre y fue llevado por los &aacute;ngeles al seno de Abraham. Muri&oacute; tambi&eacute;n el rico y fue sepultado.<\/p>\n<p style=\"text-align: justify\">\n\t23 &laquo;Estando en el Hades entre tormentos, levant&oacute; los ojos y vio a lo lejos a Abraham, y a L&aacute;zaro en su seno.<\/p>\n<p style=\"text-align: justify\">\n\t24 Y, gritando, dijo: &quot;Padre Abraham, ten compasi&oacute;n de m&iacute; y env&iacute;a a L&aacute;zaro a que moje en agua la punta de su dedo y refresque mi lengua, porque estoy atormentado en esta llama.&quot;<\/p>\n<p style=\"text-align: justify\">\n\t25 Pero Abraham le dijo: &quot;Hijo, recuerda que recibiste tus bienes durante tu vida y L&aacute;zaro, al contrario, sus males; ahora, pues, &eacute;l es aqu&iacute; consolado y t&uacute; atormentado.<\/p>\n<p style=\"text-align: justify\">\n\t26 Y adem&aacute;s, entre nosotros y vosotros se interpone un gran abismo, de modo que los que quieran pasar de aqu&iacute; a vosotros, no puedan; ni de ah&iacute; puedan pasar donde nosotros.&quot;<\/p>\n<p style=\"text-align: justify\">\n\t27 &laquo;Replic&oacute;: &quot;Con todo, te ruego, padre, que le env&iacute;es a la casa de mi padre,<\/p>\n<p style=\"text-align: justify\">\n\t28 porque tengo cinco hermanos, para que les d&eacute; testimonio, y no vengan tambi&eacute;n ellos a este lugar de tormento.&quot;<\/p>\n<p style=\"text-align: justify\">\n\t29 D&iacute;jole Abraham: &quot;Tienen a Mois&eacute;s y a los profetas; que les oigan.&quot;<\/p>\n<p style=\"text-align: justify\">\n\t30 El dijo: &quot;No, padre Abraham; sino que si alguno de entre los muertos va donde ellos, se convertir&aacute;n.&quot;<\/p>\n<p style=\"text-align: justify\">\n\t31 Le contest&oacute;: &quot;Si no oyen a Mois&eacute;s y a los profetas, tampoco se convencer&aacute;n, aunque un muerto resucite.&quot;&raquo;<\/p>\n<p style=\"text-align: justify\">\n\tTambi&eacute;n te puede interesar:<\/p>\n<p style=\"text-align: justify\">\n\t&nbsp;<\/p>\n<p style=\"text-align: justify\">\n\t\tPapa Francisco: La conversi&oacute;n no la da un hada con su varita, sino hacer el bien https:\/\/t.co\/0gYLMiU0vB<\/p>\n<p>\t&mdash; ACI Prensa (@aciprensa) 14 de marzo de 2017<\/p>\n<p style=\"text-align: justify\">\n\t&nbsp;<\/p>\n","protected":false},"excerpt":{"rendered":"<p>VATICANO, 16 Mar. 17 (ACI).- &ldquo;No hay nada m&aacute;s traicionero que el coraz&oacute;n&rdquo;, advirti&oacute; el Papa Francisco durante la Misa matutina celebrada en la Casa Santa Marta, en el Vaticano. &ldquo;&iexcl;Maldito el hombre que conf&iacute;a en s&iacute; mismo, que conf&iacute;a en su coraz&oacute;n!&rdquo;, exclam&oacute; recitando el Salmo 1. En la homil&iacute;a, el Santo Padre coment&oacute; &hellip; <a href=\"https:\/\/www.biblia.work\/noticias\/papa-francisco-maldito-el-hombre-que-confia-en-si-mismo-en-su-corazon\/\" class=\"more-link\">Continuar leyendo<span class=\"screen-reader-text\"> \u00abPapa Francisco: \u201cMaldito el hombre que conf\u00eda en s\u00ed mismo, en su coraz\u00f3n\u201d\u00bb<\/span><\/a><\/p>\n","protected":false},"author":1,"featured_media":0,"comment_status":"open","ping_status":"closed","sticky":false,"template":"","format":"standard","meta":{"footnotes":""},"categories":[1],"tags":[],"class_list":["post-12776","post","type-post","status-publish","format-standard","hentry","category-general"],"_links":{"self":[{"href":"https:\/\/www.biblia.work\/noticias\/wp-json\/wp\/v2\/posts\/12776","targetHints":{"allow":["GET"]}}],"collection":[{"href":"https:\/\/www.biblia.work\/noticias\/wp-json\/wp\/v2\/posts"}],"about":[{"href":"https:\/\/www.biblia.work\/noticias\/wp-json\/wp\/v2\/types\/post"}],"author":[{"embeddable":true,"href":"https:\/\/www.biblia.work\/noticias\/wp-json\/wp\/v2\/users\/1"}],"replies":[{"embeddable":true,"href":"https:\/\/www.biblia.work\/noticias\/wp-json\/wp\/v2\/comments?post=12776"}],"version-history":[{"count":0,"href":"https:\/\/www.biblia.work\/noticias\/wp-json\/wp\/v2\/posts\/12776\/revisions"}],"wp:attachment":[{"href":"https:\/\/www.biblia.work\/noticias\/wp-json\/wp\/v2\/media?parent=12776"}],"wp:term":[{"taxonomy":"category","embeddable":true,"href":"https:\/\/www.biblia.work\/noticias\/wp-json\/wp\/v2\/categories?post=12776"},{"taxonomy":"post_tag","embeddable":true,"href":"https:\/\/www.biblia.work\/noticias\/wp-json\/wp\/v2\/tags?post=12776"}],"curies":[{"name":"wp","href":"https:\/\/api.w.org\/{rel}","templated":true}]}}