{"id":12778,"date":"2017-03-16T07:15:03","date_gmt":"2017-03-16T12:15:03","guid":{"rendered":"http:\/\/www.biblia.work\/noticias\/el-santo-padre-recibe-al-presidente-del-libano-pais-modelo-de-coexistencia-religiosa\/"},"modified":"2017-03-16T07:15:03","modified_gmt":"2017-03-16T12:15:03","slug":"el-santo-padre-recibe-al-presidente-del-libano-pais-modelo-de-coexistencia-religiosa","status":"publish","type":"post","link":"https:\/\/www.biblia.work\/noticias\/el-santo-padre-recibe-al-presidente-del-libano-pais-modelo-de-coexistencia-religiosa\/","title":{"rendered":"El Santo Padre recibe al presidente del L\u00edbano, pa\u00eds modelo de coexistencia religiosa"},"content":{"rendered":"<p style=\"text-align: justify\">(ZENIT- Ciudad del Vaticano, 16 Mar. 2017).- El santo padre Francisco recibi\u00f3 hoy jueves en el Vaticano al presidente del L\u00edbano, Michel Aoun, en audiencia oficial.<\/p>\n<p style=\"text-align: justify\">El papa Francisco sali\u00f3 al encuentro del jefe de Estado, a quien recibi\u00f3 en su biblioteca del Palacio Apost\u00f3lico en donde tuvieron un coloquio de 18 minutos. Poco despu\u00e9s entr\u00f3 su consorte, Nadia Chami Aoun y la delegaci\u00f3n que le acompa\u00f1a.<\/p>\n<p style=\"text-align: justify\">Antes de partir en declaraciones recogidas por los medios locales, el presidente declar\u00f3 que \u201clos cristianos en Oriente Medio est\u00e1n en una situaci\u00f3n dif\u00edcil\u201d y calific\u00f3 este viaje \u201cuna luz de esperanza que quiere confirmar al L\u00edbano como un ejemplo de coexistencia pac\u00edfica, a pesar de todos los obst\u00e1culos que se ven en el camino\u201d.<\/p>\n<p style=\"text-align: justify\">Es el primer el primer encuentro de Aoun con el papa Francisco y el primer viaje a Europa desde que asumi\u00f3 a la presidencia el 31 de octubre de 2016, despu\u00e9s que el pa\u00eds estuvo dos a\u00f1os sin presidente.<\/p>\n<p style=\"text-align: justify\">&#8220;Durante los coloquios &#8211;refiere la Oficina de prensa de la Santa Sede&#8211; se reafirmaron las buenas relaciones bilaterales entre la Santa Sede y el L\u00edbano, subrayando el rol \u00a0hist\u00f3rico e institucional de la Iglesia en la vida del Pa\u00eds&#8221;. En el mismo comunicado &#8220;se expresa satisfacci\u00f3n por el empe\u00f1o de las varias fuerzas pol\u00edticas para poner fin a la sede vacante presidencial, deseando para el futuro una cada vez m\u00e1s abundante colaboraci\u00f3n enter los miembros de las diversas comunidades \u00e9tnicas y religiosas a favor del bien com\u00fan y del desarrollo de la Naci\u00f3n&#8221;.<\/p>\n<p style=\"text-align: justify\">El jefe de estado lleg\u00f3 ayer mi\u00e9rcoles al aeropuerto militar de Ciampino y la visita prev\u00e9 la participaci\u00f3n a la misa en la iglesia de San Mar\u00f3n en Roma. Encontrar\u00e1 all\u00ed a la comunidad maronita residente en Italia.<\/p>\n<p style=\"text-align: justify\">Conocido popularmente como &#8220;General&#8221;, Aoun actualmente es presidente del L\u00edbano y l\u00edder del partido\u00a0Movimiento Patri\u00f3tico Libre, una coalici\u00f3n principalmente cristiana, con una visi\u00f3n secular de la pol\u00edtica y actualmente aliada de\u00a0Hezbol\u00e1.<\/p>\n<p style=\"text-align: justify\">&nbsp;<\/p>\n<p style=\"text-align: justify\">Fue detenido por Siria y enviado al exilio forzado, hasta que retorn\u00f3 al en mayo de 2005, despu\u00e9s de la retirada de las tropas sirias del L\u00edbano. En las elecciones generales del L\u00edbano de 2009 fue el segundo partido m\u00e1s votado y pas\u00f3 as\u00ed a ser el primer partido de la oposici\u00f3n. Fue designado Presidente del L\u00edbano el 31 de octubre de\u00a02016, despu\u00e9s de que el pa\u00eds estuviera sin presidente durante m\u00e1s de dos a\u00f1os.<\/p>\n<p style=\"text-align: justify\">En recientes <span style=\"color: #3366ff\"><a style=\"color: #3366ff\" href=\"https:\/\/es.zenit.org\/articles\/mons-eid-la-invitacion-del-papa-a-la-convivencia-es-mas-fuerte-en-el-este-que-en-los-paises-arabes\/\">declaraciones a ZENIT<\/a><\/span>, el\u00a0el procurador del Patriarcado maronita en Roma, Mons. Fran\u00e7oise Eid, subray\u00f3 que en su pa\u00eds, el L\u00edbano hay de acuerdo a la Constituci\u00f3n, igualdad entre cristianos y musulmanes y separa Iglesia de Estado. Pero que \u201clos cristianos libaneses viven un per\u00edodo muy critico. En particular los j\u00f3venes que emigran y no vuelven\u201d. Indic\u00f3 que los pr\u00f3fugos sirios en su pa\u00eds son 1,8 millones, con 500 mil palestinos refugiados, lo que constituye pr\u00e1cticamente el 50 por ciento de la poblaci\u00f3n. Hay\u00a01.800 campos de refugiados en los que falta todo y peor a\u00fan, algunos son dirigidos por isl\u00e1micos radicales. Se suma a todo esto una desocupaci\u00f3n 28 por ciento, dijo. Una situaci\u00f3n, dijo que \u201camenaza la cultura de convivialidad pac\u00edfica forjada en los siglos\u201d.<\/p>\n<p><span class=\"et_bloom_bottom_trigger\"><\/span><\/p>\n<p><a href=\"https:\/\/es.zenit.org\/\" target=\"_blank\" rel=\"nofollow\">Fuente: es.zenit.org<\/a><\/p>\n","protected":false},"excerpt":{"rendered":"<p>(ZENIT- Ciudad del Vaticano, 16 Mar. 2017).- El santo padre Francisco recibi\u00f3 hoy jueves en el Vaticano al presidente del L\u00edbano, Michel Aoun, en audiencia oficial. El papa Francisco sali\u00f3 al encuentro del jefe de Estado, a quien recibi\u00f3 en su biblioteca del Palacio Apost\u00f3lico en donde tuvieron un coloquio de 18 minutos. Poco despu\u00e9s &hellip; <a href=\"https:\/\/www.biblia.work\/noticias\/el-santo-padre-recibe-al-presidente-del-libano-pais-modelo-de-coexistencia-religiosa\/\" class=\"more-link\">Continuar leyendo<span class=\"screen-reader-text\"> \u00abEl Santo Padre recibe al presidente del L\u00edbano, pa\u00eds modelo de coexistencia religiosa\u00bb<\/span><\/a><\/p>\n","protected":false},"author":1,"featured_media":0,"comment_status":"open","ping_status":"closed","sticky":false,"template":"","format":"standard","meta":{"footnotes":""},"categories":[1],"tags":[],"class_list":["post-12778","post","type-post","status-publish","format-standard","hentry","category-general"],"_links":{"self":[{"href":"https:\/\/www.biblia.work\/noticias\/wp-json\/wp\/v2\/posts\/12778","targetHints":{"allow":["GET"]}}],"collection":[{"href":"https:\/\/www.biblia.work\/noticias\/wp-json\/wp\/v2\/posts"}],"about":[{"href":"https:\/\/www.biblia.work\/noticias\/wp-json\/wp\/v2\/types\/post"}],"author":[{"embeddable":true,"href":"https:\/\/www.biblia.work\/noticias\/wp-json\/wp\/v2\/users\/1"}],"replies":[{"embeddable":true,"href":"https:\/\/www.biblia.work\/noticias\/wp-json\/wp\/v2\/comments?post=12778"}],"version-history":[{"count":0,"href":"https:\/\/www.biblia.work\/noticias\/wp-json\/wp\/v2\/posts\/12778\/revisions"}],"wp:attachment":[{"href":"https:\/\/www.biblia.work\/noticias\/wp-json\/wp\/v2\/media?parent=12778"}],"wp:term":[{"taxonomy":"category","embeddable":true,"href":"https:\/\/www.biblia.work\/noticias\/wp-json\/wp\/v2\/categories?post=12778"},{"taxonomy":"post_tag","embeddable":true,"href":"https:\/\/www.biblia.work\/noticias\/wp-json\/wp\/v2\/tags?post=12778"}],"curies":[{"name":"wp","href":"https:\/\/api.w.org\/{rel}","templated":true}]}}