{"id":12787,"date":"2017-03-16T12:05:02","date_gmt":"2017-03-16T17:05:02","guid":{"rendered":"http:\/\/www.biblia.work\/noticias\/piden-rezar-esta-oracion-al-senor-de-los-milagros-ante-desastres-en-peru\/"},"modified":"2017-03-16T12:05:02","modified_gmt":"2017-03-16T17:05:02","slug":"piden-rezar-esta-oracion-al-senor-de-los-milagros-ante-desastres-en-peru","status":"publish","type":"post","link":"https:\/\/www.biblia.work\/noticias\/piden-rezar-esta-oracion-al-senor-de-los-milagros-ante-desastres-en-peru\/","title":{"rendered":"Piden rezar esta oraci\u00f3n al Se\u00f1or de los Milagros ante desastres en Per\u00fa"},"content":{"rendered":"<p> LIMA, 16 Mar. 17 (ACI).-<br \/>\n\tAnte los desastres naturales que han golpeado el Per&uacute; en los &uacute;ltimos d&iacute;as, el Arzobispo de Lima y Primado del pa&iacute;s, Cardenal Juan Luis Cipriani, ha propuesto una oraci&oacute;n dirigida al Se&ntilde;or de los Milagros para que interceda por todos los peruanos.<\/p>\n<p style=\"text-align: justify\">\n\tDe este modo, se dispone que en todas las parroquias de la Arquidi&oacute;cesis de Lima se rece esta oraci&oacute;n al final de todas las Misas desde este 16 de marzo hasta el inicio de la Semana Santa.<\/p>\n<p style=\"text-align: justify\">\n\tAsimismo, el Purpurado incentiv&oacute; a las personas de buena voluntad a unirse a esta cadena de oraci&oacute;n por las familias damnificadas por las lluvias e inundaciones en todo el territorio peruano.<\/p>\n<p style=\"text-align: justify\">\n\tOraci&oacute;n al Se&ntilde;or de los Milagros por nuestro Per&uacute;<\/p>\n<p style=\"text-align: justify\">\n\tDios, Padre Omnipotente, Se&ntilde;or del cielo y de la tierra,<br \/>\n\tte pedimos que disminuyan las fuertes lluvias que azotan nuestra geograf&iacute;a<br \/>\n\ty est&aacute;n causando graves da&ntilde;os a las familias,<br \/>\n\tdestruyendo sus viviendas,<br \/>\n\tsembrando destrucci&oacute;n en los campos de cultivo<br \/>\n\ty generando dolor a miles de nuestros compatriotas.<\/p>\n<p style=\"text-align: justify\">\n\tCon humilde fe acudimos a ti, Se&ntilde;or de los Milagros,<br \/>\n\tpara implorar tu protecci&oacute;n y tu bendici&oacute;n<br \/>\n\ten estos momentos de adversidad.<\/p>\n<p style=\"text-align: justify\">\n\tMadre m&iacute;a, consuela al pueblo peruano,<br \/>\n\tpara que unidos y solidarios afrontemos estos dif&iacute;ciles momentos.<\/p>\n<p style=\"text-align: justify\">\n\tAs&iacute; sea.&nbsp;<\/p>\n<p style=\"text-align: justify\">\n\tTambi&eacute;n te puede interesar:&nbsp;<\/p>\n<p style=\"text-align: justify\">\n\t\t#PrayforPeru: El Ni&ntilde;o causa desastres en Per&uacute; y C&aacute;ritas lanza campa&ntilde;a de emergencia https:\/\/t.co\/DXeyeNDo24<\/p>\n<p>\t&mdash; ACI Prensa (@aciprensa) 16 de marzo de 2017<\/p>\n<p style=\"text-align: justify\">\n\t&nbsp;<\/p>\n","protected":false},"excerpt":{"rendered":"<p>LIMA, 16 Mar. 17 (ACI).- Ante los desastres naturales que han golpeado el Per&uacute; en los &uacute;ltimos d&iacute;as, el Arzobispo de Lima y Primado del pa&iacute;s, Cardenal Juan Luis Cipriani, ha propuesto una oraci&oacute;n dirigida al Se&ntilde;or de los Milagros para que interceda por todos los peruanos. De este modo, se dispone que en todas &hellip; <a href=\"https:\/\/www.biblia.work\/noticias\/piden-rezar-esta-oracion-al-senor-de-los-milagros-ante-desastres-en-peru\/\" class=\"more-link\">Continuar leyendo<span class=\"screen-reader-text\"> \u00abPiden rezar esta oraci\u00f3n al Se\u00f1or de los Milagros ante desastres en Per\u00fa\u00bb<\/span><\/a><\/p>\n","protected":false},"author":1,"featured_media":0,"comment_status":"open","ping_status":"closed","sticky":false,"template":"","format":"standard","meta":{"footnotes":""},"categories":[1],"tags":[],"class_list":["post-12787","post","type-post","status-publish","format-standard","hentry","category-general"],"_links":{"self":[{"href":"https:\/\/www.biblia.work\/noticias\/wp-json\/wp\/v2\/posts\/12787","targetHints":{"allow":["GET"]}}],"collection":[{"href":"https:\/\/www.biblia.work\/noticias\/wp-json\/wp\/v2\/posts"}],"about":[{"href":"https:\/\/www.biblia.work\/noticias\/wp-json\/wp\/v2\/types\/post"}],"author":[{"embeddable":true,"href":"https:\/\/www.biblia.work\/noticias\/wp-json\/wp\/v2\/users\/1"}],"replies":[{"embeddable":true,"href":"https:\/\/www.biblia.work\/noticias\/wp-json\/wp\/v2\/comments?post=12787"}],"version-history":[{"count":0,"href":"https:\/\/www.biblia.work\/noticias\/wp-json\/wp\/v2\/posts\/12787\/revisions"}],"wp:attachment":[{"href":"https:\/\/www.biblia.work\/noticias\/wp-json\/wp\/v2\/media?parent=12787"}],"wp:term":[{"taxonomy":"category","embeddable":true,"href":"https:\/\/www.biblia.work\/noticias\/wp-json\/wp\/v2\/categories?post=12787"},{"taxonomy":"post_tag","embeddable":true,"href":"https:\/\/www.biblia.work\/noticias\/wp-json\/wp\/v2\/tags?post=12787"}],"curies":[{"name":"wp","href":"https:\/\/api.w.org\/{rel}","templated":true}]}}