{"id":12790,"date":"2017-03-16T12:15:02","date_gmt":"2017-03-16T17:15:02","guid":{"rendered":"http:\/\/www.biblia.work\/noticias\/beato-juan-nepomuceno-zegri-y-moreno-17-de-marzo\/"},"modified":"2017-03-16T12:15:02","modified_gmt":"2017-03-16T17:15:02","slug":"beato-juan-nepomuceno-zegri-y-moreno-17-de-marzo","status":"publish","type":"post","link":"https:\/\/www.biblia.work\/noticias\/beato-juan-nepomuceno-zegri-y-moreno-17-de-marzo\/","title":{"rendered":"Beato Juan Nepomuceno Zegr\u00ed y Moreno \u2013 17 de marzo"},"content":{"rendered":"<p style=\"text-align: justify\"><span lang=\"\">\u00ab<\/span><em class=\"western\"><span lang=\"\">Curar todas las llagas, remediar todos los males, calmar todos los pesares, desterrar todas las necesidades, enjugar todas las l\u00e1grimas, no dejar, si posible fuera en todo el mundo, un solo ser abandonado, afligido, desamparado, sin educaci\u00f3n religiosa y sin recursos\u00bb. <\/span><\/em><em class=\"western\"><span lang=\"\">\u00bfHay algo m\u00e1s hermoso que estos prop\u00f3sitos cimentados en la suprema excelencia de la caridad, mandamiento esencial otorgado por Cristo? Fueron los que animaron la vida de este beato que nunca se cans\u00f3 de prodigar a manos llenas todo el bien que concibi\u00f3, postrado ante el Redentor y custodiado por la Virgen de la Merced. <\/span><\/em><span lang=\"\">Su lema era: <\/span><span lang=\"\"><i>\u00abtodo para bien de la humanidad, en Dios, por Dios y para Dios\u00bb<\/i><\/span><span lang=\"\">.<\/span><\/p>\n<p align=\"JUSTIFY\"><em class=\"western\"><span lang=\"\">Naci\u00f3 en Granada, Espa\u00f1a, el 11 de octubre de 1831. Su raigambre cristiana estaba fuertemente asentada por la fe que profesaban sus padres <\/span><\/em><span lang=\"\">Antonio y Josefa, ciudadanos estimados y de gran relevancia en la capital. Ello, y la cuidada educaci\u00f3n que recibi\u00f3, fue determinante para su vocaci\u00f3n sacerdotal. Su padre, reputado m\u00e9dico y catedr\u00e1tico de la universidad, era un hombre sensible que no pasaba por alto las necesidades ajenas. Siempre que estuvo en su mano atenderlas actu\u00f3 generosamente. Imbuido de tantos valores, Juan destac\u00f3 entre los compa\u00f1eros de clase por su aplicaci\u00f3n al estudio y ejemplar comportamiento. Y cuando se hallaba en el frontispicio de un futuro halag\u00fce\u00f1o, pudiendo adquirir la notoriedad que le permit\u00edan sus muchas cualidades personales junto al estatus social familiar que disfrutaba, conquistando escalas circundadas por el \u00e9xito, opt\u00f3 por entregarse a Cristo. <\/span><\/p>\n<p lang=\"\" align=\"JUSTIFY\">Ingres\u00f3 en el seminario en 1850 y en el transcurso de esos a\u00f1os de formaci\u00f3n se hicieron patentes sus magn\u00edficas dotes de oratoria. Casi doscientos sermones recogidos por \u00e9l dan cuenta de la fecundidad de su palabra que brotaba de su oraci\u00f3n. No era un simple predicador, sino un confesor de la fe; por eso llegaba a calar en el coraz\u00f3n de tantas personas. En estos valios\u00edsimos escritos queda patente su inclinaci\u00f3n a los d\u00e9biles desamparados y aqu\u00e9llos cuya existencia discurr\u00eda por un continuo valle de l\u00e1grimas por los motivos que fuesen.<\/p>\n<p lang=\"\" align=\"JUSTIFY\">Fue ordenado sacerdote en 1855. A los pocos d\u00edas perdi\u00f3 a su madre v\u00edctima del c\u00f3lera. Abrazado a la cruz inici\u00f3 su trayectoria pastoral, que compagin\u00f3 con la docencia en el colegio de San Bartolom\u00e9 y Santiago. Entre tanto, prosegu\u00eda sus estudios que culminaron con la obtenci\u00f3n del doctorado en teolog\u00eda, la licenciatura en derecho civil y can\u00f3nico, y un bachillerato en filosof\u00eda y letras. Esta formidable preparaci\u00f3n le capacit\u00f3 para asumir la c\u00e1tedra de psicolog\u00eda, l\u00f3gica y \u00e9tica del Instituto de Granada, al tiempo que se hac\u00eda cargo de las parroquias de Hu\u00e9tor Santill\u00e1n y de Loja. Adem\u00e1s, ejerci\u00f3 como predicador numerario de la reina Isabel II, fue sacerdote castrense, formador de seminaristas, arcipreste y examinador sinodal en Granada, Ja\u00e9n y Orihuela. Su finura humana y espiritual, el talante humilde, misericordioso, paciente, afable, lleno de dulzura, y su manifiesta ternura hacia los dem\u00e1s, suscit\u00f3 gran estima hacia su persona.<\/p>\n<p lang=\"\" align=\"JUSTIFY\">En 1869 fue destinado a la di\u00f3cesis de M\u00e1laga como vicario general, can\u00f3nigo de la catedral y visitador de religiosas. La Providencia gui\u00f3 sus pasos y le puso al frente de la casa de la misericordia de Santa Mar\u00eda Magdalena y San Carlos. Para un esp\u00edritu tan sensible como el suyo, consternado por las necesidades y el sufrimiento ajeno, la oportunidad de hallarse inmerso en ese colectivo de desfavorecidos no hizo m\u00e1s que acrecentar la aspiraci\u00f3n de servirles, que formaba parte de su manera de ser. Contemplaba afligido y lleno de piedad a las j\u00f3venes descarriadas que anhelaban modificar el rumbo de su desdichada existencia. En 1872 muri\u00f3 su padre. Y en 1878 impuls\u00f3 la fundaci\u00f3n de las Hermanas Mercedarias de la Caridad asociada a la Orden mercedaria. Esta obra ser\u00eda su cruz y su gloria.<\/p>\n<p align=\"JUSTIFY\"><span lang=\"\">Las primeras religiosas tomaron el h\u00e1bito en Granada en la primavera de ese a\u00f1o, traslad\u00e1ndose a continuaci\u00f3n a M\u00e1laga. En medio de tenebrosos y espurios intereses, esos que impulsa el maligno, cinco de las nueve primeras integrantes de este movimiento eclesial quedaron seducidas por la oferta de un sacerdote, Diego Aparicio, que hab\u00eda estado al lado de Juan al inicio de la fundaci\u00f3n, y le abandonaron. Optaron por regresar a Granada junto al presb\u00edtero para volver a poner en marcha all\u00ed la Orden. Con el coraz\u00f3n afligido e incontenible emoci\u00f3n, el beato manifest\u00f3: <\/span><span lang=\"\"><i>\u00abCon dos que haya, la obra sigue; no se desanimen, Dios proveer\u00e1\u2026 \u00bb<\/i><\/span><span lang=\"\">. Fijada la sede de Granada como origen de la casa general y noviciado en 1880, a todas qued\u00f3 claro, porque as\u00ed lo dijo su fundador, que sus objetivos habr\u00edan de ser: <\/span><span lang=\"\"><i>\u00abejercer todas las obras de misericordia espiritual y corporal en la persona de los pobres&#8230; \u00bb.<\/i><\/span><\/p>\n<p lang=\"\" align=\"JUSTIFY\">Despu\u00e9s de un primer periodo de fecunda andadura se desencadenaron graves acontecimientos. En 1888 Juan fue ignominiosamente acusado por una de sus hijas. La creyeron y \u00e9l fue destituido de su misi\u00f3n al frente de la congregaci\u00f3n. Los arzobispos de Granada y de Sevilla, provincia de la que proced\u00eda la hostigadora, emprendieron una labor de esclarecimiento de los hechos que discurri\u00f3 de forma confusa, con el desacuerdo de las religiosas de ambas ciudades. Adem\u00e1s, se mezclaron otras ambiciones respecto a la Orden instigadas por varios eclesi\u00e1sticos, con lo cual el padre Zegr\u00ed se entrevist\u00f3 en Roma con Le\u00f3n XIII. Se rehabilit\u00f3 su imagen y se le permiti\u00f3 retomar sus funciones. Pero no fue bien recibido por el arzobispo de Granada ni por las religiosas. En julio de 1896 les dirigi\u00f3 una carta haciendo notar su inocencia. No logr\u00f3 llegar a sus entra\u00f1as. En 1901 conoci\u00f3 la aprobaci\u00f3n de la obra que tantos sufrimientos le hab\u00eda causado. Pero muri\u00f3 a causa de una pertinaz diabetes, y lo hizo solo, completamente abandonado, el 17 de marzo de 1905. Dos d\u00e9cadas m\u00e1s tarde sus hijas repararon su error. \u00c9l contempl\u00f3 desde el cielo ese gesto. Juan Pablo II lo beatific\u00f3 el 9 de noviembre de 2003.<\/p>\n<p><span class=\"et_bloom_bottom_trigger\"><\/span><\/p>\n<p><a href=\"https:\/\/es.zenit.org\/\" target=\"_blank\" rel=\"nofollow\">Fuente: es.zenit.org<\/a><\/p>\n","protected":false},"excerpt":{"rendered":"<p>\u00abCurar todas las llagas, remediar todos los males, calmar todos los pesares, desterrar todas las necesidades, enjugar todas las l\u00e1grimas, no dejar, si posible fuera en todo el mundo, un solo ser abandonado, afligido, desamparado, sin educaci\u00f3n religiosa y sin recursos\u00bb. \u00bfHay algo m\u00e1s hermoso que estos prop\u00f3sitos cimentados en la suprema excelencia de la &hellip; <a href=\"https:\/\/www.biblia.work\/noticias\/beato-juan-nepomuceno-zegri-y-moreno-17-de-marzo\/\" class=\"more-link\">Continuar leyendo<span class=\"screen-reader-text\"> \u00abBeato Juan Nepomuceno Zegr\u00ed y Moreno \u2013 17 de marzo\u00bb<\/span><\/a><\/p>\n","protected":false},"author":1,"featured_media":0,"comment_status":"open","ping_status":"closed","sticky":false,"template":"","format":"standard","meta":{"footnotes":""},"categories":[1],"tags":[],"class_list":["post-12790","post","type-post","status-publish","format-standard","hentry","category-general"],"_links":{"self":[{"href":"https:\/\/www.biblia.work\/noticias\/wp-json\/wp\/v2\/posts\/12790","targetHints":{"allow":["GET"]}}],"collection":[{"href":"https:\/\/www.biblia.work\/noticias\/wp-json\/wp\/v2\/posts"}],"about":[{"href":"https:\/\/www.biblia.work\/noticias\/wp-json\/wp\/v2\/types\/post"}],"author":[{"embeddable":true,"href":"https:\/\/www.biblia.work\/noticias\/wp-json\/wp\/v2\/users\/1"}],"replies":[{"embeddable":true,"href":"https:\/\/www.biblia.work\/noticias\/wp-json\/wp\/v2\/comments?post=12790"}],"version-history":[{"count":0,"href":"https:\/\/www.biblia.work\/noticias\/wp-json\/wp\/v2\/posts\/12790\/revisions"}],"wp:attachment":[{"href":"https:\/\/www.biblia.work\/noticias\/wp-json\/wp\/v2\/media?parent=12790"}],"wp:term":[{"taxonomy":"category","embeddable":true,"href":"https:\/\/www.biblia.work\/noticias\/wp-json\/wp\/v2\/categories?post=12790"},{"taxonomy":"post_tag","embeddable":true,"href":"https:\/\/www.biblia.work\/noticias\/wp-json\/wp\/v2\/tags?post=12790"}],"curies":[{"name":"wp","href":"https:\/\/api.w.org\/{rel}","templated":true}]}}