{"id":12795,"date":"2017-03-16T14:10:03","date_gmt":"2017-03-16T19:10:03","guid":{"rendered":"http:\/\/www.biblia.work\/noticias\/haran-cuarenta-semanas-de-oracion-en-el-salvador\/"},"modified":"2017-03-16T14:10:03","modified_gmt":"2017-03-16T19:10:03","slug":"haran-cuarenta-semanas-de-oracion-en-el-salvador","status":"publish","type":"post","link":"https:\/\/www.biblia.work\/noticias\/haran-cuarenta-semanas-de-oracion-en-el-salvador\/","title":{"rendered":"Har\u00e1n cuarenta semanas de oraci\u00f3n en El Salvador"},"content":{"rendered":"<p style=\"text-align: justify\">EL SALVADOR. &#8211; Las Iglesias evang\u00e9licas est\u00e1n llevando a cabo la jornada de oraci\u00f3n titulada: \u201cCuarenta semanas de clamor\u201d, la cual inici\u00f3 el 20 de febrero y finalizar\u00e1 el 23 de noviembre con el \u201cD\u00eda Nacional de la oraci\u00f3n por El Salvador\u201d, decretado en 2003 por la Asamblea Legislativa.<\/p>\n<p style=\"text-align: justify\">Este es el primer a\u00f1o que la comisi\u00f3n de iglesias evang\u00e9licas impulsa la jornada de oraci\u00f3n que se llevar\u00e1 a cabo durante 40 semanas a nivel nacional.<\/p>\n<p style=\"text-align: justify\">\u201cTenemos como visi\u00f3n interceder por nuestro pa\u00eds y las autoridades que toman decisiones para que tengan la sabidur\u00eda de lo que har\u00e1n\u201d, dijo Eliud Escobar, miembro de la comisi\u00f3n y de Fuerza Cristiana de El Salvador.<\/p>\n<p style=\"text-align: justify\">Asegur\u00f3 que es necesario que todas las personas asuman un compromiso con Dios, ya que solo as\u00ed se podr\u00e1n cambiar la realidad de violencia e inseguridad que se vive en el pa\u00eds.<\/p>\n<p style=\"text-align: justify\">La participaci\u00f3n a nivel nacional se garantiza porque en cada departamento hay un comit\u00e9 formado por representantes de iglesias de los municipios que hacen la invitaci\u00f3n a sus creyentes y dem\u00e1s iglesias para que se sumen a la iniciativa.<\/p>\n<p style=\"text-align: justify\">La jornada de oraci\u00f3n est\u00e1 basada en el Libro de Segunda de Cr\u00f3nicas, cap\u00edtulo siente y vers\u00edculo 14.<\/p>\n<p style=\"text-align: justify\">La Segunda Cr\u00f3nica manda a que el pueblo pida y se arrepienta y as\u00ed lograr la conversi\u00f3n y compasi\u00f3n de Dios, seg\u00fan dijo Oscar Dur\u00e1n, representante de la Asamblea Global de las Asambleas de Dios.<\/p>\n<p style=\"text-align: justify\">Fuente: Peri\u00f3dico El Salvador<\/p>\n<p style=\"text-align: justify\">La entrada <a rel=\"nofollow\" href=\"http:\/\/www.noticiacristiana.com\/iglesia\/2017\/03\/cuarenta-semanas-oracion-el-salvador.html\">Har\u00e1n cuarenta semanas de oraci\u00f3n en El Salvador<\/a> aparece primero en <a rel=\"nofollow\" href=\"http:\/\/www.noticiacristiana.com\">NoticiaCristiana.com<\/a>.<\/p>\n","protected":false},"excerpt":{"rendered":"<p>EL SALVADOR. &#8211; Las Iglesias evang\u00e9licas est\u00e1n llevando a cabo la jornada de oraci\u00f3n titulada: \u201cCuarenta semanas de clamor\u201d, la cual inici\u00f3 el 20 de febrero y finalizar\u00e1 el 23 de noviembre con el \u201cD\u00eda Nacional de la oraci\u00f3n por El Salvador\u201d, decretado en 2003 por la Asamblea Legislativa. Este es el primer a\u00f1o que &hellip; <a href=\"https:\/\/www.biblia.work\/noticias\/haran-cuarenta-semanas-de-oracion-en-el-salvador\/\" class=\"more-link\">Continuar leyendo<span class=\"screen-reader-text\"> \u00abHar\u00e1n cuarenta semanas de oraci\u00f3n en El Salvador\u00bb<\/span><\/a><\/p>\n","protected":false},"author":1,"featured_media":0,"comment_status":"open","ping_status":"closed","sticky":false,"template":"","format":"standard","meta":{"footnotes":""},"categories":[1],"tags":[],"class_list":["post-12795","post","type-post","status-publish","format-standard","hentry","category-general"],"_links":{"self":[{"href":"https:\/\/www.biblia.work\/noticias\/wp-json\/wp\/v2\/posts\/12795","targetHints":{"allow":["GET"]}}],"collection":[{"href":"https:\/\/www.biblia.work\/noticias\/wp-json\/wp\/v2\/posts"}],"about":[{"href":"https:\/\/www.biblia.work\/noticias\/wp-json\/wp\/v2\/types\/post"}],"author":[{"embeddable":true,"href":"https:\/\/www.biblia.work\/noticias\/wp-json\/wp\/v2\/users\/1"}],"replies":[{"embeddable":true,"href":"https:\/\/www.biblia.work\/noticias\/wp-json\/wp\/v2\/comments?post=12795"}],"version-history":[{"count":0,"href":"https:\/\/www.biblia.work\/noticias\/wp-json\/wp\/v2\/posts\/12795\/revisions"}],"wp:attachment":[{"href":"https:\/\/www.biblia.work\/noticias\/wp-json\/wp\/v2\/media?parent=12795"}],"wp:term":[{"taxonomy":"category","embeddable":true,"href":"https:\/\/www.biblia.work\/noticias\/wp-json\/wp\/v2\/categories?post=12795"},{"taxonomy":"post_tag","embeddable":true,"href":"https:\/\/www.biblia.work\/noticias\/wp-json\/wp\/v2\/tags?post=12795"}],"curies":[{"name":"wp","href":"https:\/\/api.w.org\/{rel}","templated":true}]}}