{"id":12812,"date":"2017-03-17T09:15:03","date_gmt":"2017-03-17T14:15:03","guid":{"rendered":"http:\/\/www.biblia.work\/noticias\/el-cardenal-parolin-a-los-periodistas-construyan-puentes-de-dialogo-y-eviten-intolerancia-y-violencia\/"},"modified":"2017-03-17T09:15:03","modified_gmt":"2017-03-17T14:15:03","slug":"el-cardenal-parolin-a-los-periodistas-construyan-puentes-de-dialogo-y-eviten-intolerancia-y-violencia","status":"publish","type":"post","link":"https:\/\/www.biblia.work\/noticias\/el-cardenal-parolin-a-los-periodistas-construyan-puentes-de-dialogo-y-eviten-intolerancia-y-violencia\/","title":{"rendered":"El cardenal Parolin a los periodistas: \u201cconstruyan puentes de di\u00e1logo\u201d y \u201ceviten intolerancia y violencia\u201d"},"content":{"rendered":"<p style=\"text-align: justify\"><span lang=\"es\">&#8220;Transmitir siempre \u201cuna informaci\u00f3n aut\u00e9ntica, sin manipulaciones, promoviendo lo que une m\u00e1s que lo que divide\u201d. <\/span><span lang=\"es\">Lo pidi\u00f3 a la prensa este jueves el cardenal Pietro Parolin, secretario de Estado de la Santa Sede, en la inauguraci\u00f3n de la nueva sede del Consejo Nacional de periodistas italianos.<\/span><\/p>\n<p style=\"text-align: justify\"><span lang=\"es\">El purpurado habl\u00f3 del \u201criesgo de instrumentalizaci\u00f3n de las noticias por parte de un sistema de poder insidioso\u201d, pero tambi\u00e9n de un problema conocido: \u201cel sensacionalismo y de la rapidez a toda costa\u201d lo que puede llevar a la difamaci\u00f3n y reducir las buenas noticias s \u201cno noticias\u201d.<\/span><\/p>\n<p style=\"text-align: justify\">\u201cConstruir puentes de di\u00e1logo -exhort\u00f3- para no contribuir a ampliar la indiferencia\u201d y rechazando \u201cun lenguaje que expresa violencia e intolerancia\u201d y \u201cfavorece el enfrentamiento\u201d. Record\u00f3 as\u00ed que el papa Francisco invit\u00f3 el 22 de septiembre de 2016 a los periodistas a favorecer la cultura del encuentro.<\/p>\n<p style=\"text-align: justify\">&#8220;Sean ojos y o\u00eddos de quien no puede o\u00edr. Sean promotores de integraci\u00f3n en todos los niveles. Sean servicio a la comunidad&#8221;, dijo.<\/p>\n<p style=\"text-align: justify\">El cardenal secretario de Estado invit\u00f3 a \u201credescubrir la verdadera alma del periodismo, la pasi\u00f3n por la informaci\u00f3n aut\u00e9ntica en favor del inter\u00e9s com\u00fan, transmitiendo un mensaje que sea fiel a la realidad\u201d.<\/p>\n<p style=\"text-align: justify\">\u201c<span lang=\"es\">Ustedes pueden -asever\u00f3 el cardenal italiano- ser instrumentos de esperanza para el mundo. H\u00e1ganse promotores de la integraci\u00f3n a todos los niveles. Est\u00e9n al servicio de la comunidad, con una tarea y una responsabilidad precisas: hacer crecer y madurar una conciencia colectiva cuando el hombre sufre o es mutilado en su dignidad y ante las contradicciones de la sociedad\u201d. <\/span><\/p>\n<p style=\"text-align: justify\">\u201c<span lang=\"es\">Lleven rayos de luz en medio de la oscuridad que algunos quieren sobre sus nefastas obras\u201d Y si bien reconoci\u00f3 que a menudo el trabajo del periodista \u201ces inc\u00f3modo y riesgoso, en estas ocasiones, no est\u00e1n solos\u201d, y manifest\u00f3 su solidaridad por los periodistas que tienen que vivir con escolta e record\u00f3 a \u201cTito Brandsma, el periodista asesinado por el nazismo por defender a los jud\u00edos\u201d.<\/span><\/p>\n<p><span class=\"et_bloom_bottom_trigger\"><\/span><\/p>\n<p><a href=\"https:\/\/es.zenit.org\/\" target=\"_blank\" rel=\"nofollow\">Fuente: es.zenit.org<\/a><\/p>\n","protected":false},"excerpt":{"rendered":"<p>&#8220;Transmitir siempre \u201cuna informaci\u00f3n aut\u00e9ntica, sin manipulaciones, promoviendo lo que une m\u00e1s que lo que divide\u201d. Lo pidi\u00f3 a la prensa este jueves el cardenal Pietro Parolin, secretario de Estado de la Santa Sede, en la inauguraci\u00f3n de la nueva sede del Consejo Nacional de periodistas italianos. El purpurado habl\u00f3 del \u201criesgo de instrumentalizaci\u00f3n de &hellip; <a href=\"https:\/\/www.biblia.work\/noticias\/el-cardenal-parolin-a-los-periodistas-construyan-puentes-de-dialogo-y-eviten-intolerancia-y-violencia\/\" class=\"more-link\">Continuar leyendo<span class=\"screen-reader-text\"> \u00abEl cardenal Parolin a los periodistas: \u201cconstruyan puentes de di\u00e1logo\u201d y \u201ceviten intolerancia y violencia\u201d\u00bb<\/span><\/a><\/p>\n","protected":false},"author":1,"featured_media":0,"comment_status":"open","ping_status":"closed","sticky":false,"template":"","format":"standard","meta":{"footnotes":""},"categories":[1],"tags":[],"class_list":["post-12812","post","type-post","status-publish","format-standard","hentry","category-general"],"_links":{"self":[{"href":"https:\/\/www.biblia.work\/noticias\/wp-json\/wp\/v2\/posts\/12812","targetHints":{"allow":["GET"]}}],"collection":[{"href":"https:\/\/www.biblia.work\/noticias\/wp-json\/wp\/v2\/posts"}],"about":[{"href":"https:\/\/www.biblia.work\/noticias\/wp-json\/wp\/v2\/types\/post"}],"author":[{"embeddable":true,"href":"https:\/\/www.biblia.work\/noticias\/wp-json\/wp\/v2\/users\/1"}],"replies":[{"embeddable":true,"href":"https:\/\/www.biblia.work\/noticias\/wp-json\/wp\/v2\/comments?post=12812"}],"version-history":[{"count":0,"href":"https:\/\/www.biblia.work\/noticias\/wp-json\/wp\/v2\/posts\/12812\/revisions"}],"wp:attachment":[{"href":"https:\/\/www.biblia.work\/noticias\/wp-json\/wp\/v2\/media?parent=12812"}],"wp:term":[{"taxonomy":"category","embeddable":true,"href":"https:\/\/www.biblia.work\/noticias\/wp-json\/wp\/v2\/categories?post=12812"},{"taxonomy":"post_tag","embeddable":true,"href":"https:\/\/www.biblia.work\/noticias\/wp-json\/wp\/v2\/tags?post=12812"}],"curies":[{"name":"wp","href":"https:\/\/api.w.org\/{rel}","templated":true}]}}