{"id":12814,"date":"2017-03-17T10:15:02","date_gmt":"2017-03-17T15:15:02","guid":{"rendered":"http:\/\/www.biblia.work\/noticias\/entrevista-a-mons-roche-las-visperas-anglicanas-en-san-pedro-son-otro-paso-del-caminar-juntos\/"},"modified":"2017-03-17T10:15:02","modified_gmt":"2017-03-17T15:15:02","slug":"entrevista-a-mons-roche-las-visperas-anglicanas-en-san-pedro-son-otro-paso-del-caminar-juntos","status":"publish","type":"post","link":"https:\/\/www.biblia.work\/noticias\/entrevista-a-mons-roche-las-visperas-anglicanas-en-san-pedro-son-otro-paso-del-caminar-juntos\/","title":{"rendered":"Entrevista a Mons. Roche: las v\u00edsperas anglicanas en San Pedro son otro paso del \u2018caminar juntos\u2019"},"content":{"rendered":"<p style=\"text-align: justify\">(ZENIT- Roma).- Un nuevo paso importante en el camino ecum\u00e9nico se ha registrado este lunes 13 de marzo, en la bas\u00edlica de San Pedro: la recitaci\u00f3n de las v\u00edsperas anglicanas.<\/p>\n<p style=\"text-align: justify\">Ha presidido la oraci\u00f3n el arzobispo anglicano David Moxon, director del Centro Anglicano de Roma, mientras que Mons. Artur Roche, secretario de la Congregaci\u00f3n para el Culto Divino y la disciplina de los Sacramentos realiz\u00f3 la homil\u00eda. El coro del Merton College de Oxford acompa\u00f1\u00f3 la liturgia.<\/p>\n<p style=\"text-align: justify\">La ceremonia se realiz\u00f3 dos semanas despu\u00e9s de la visita de Francisco, la primera de un Pont\u00edfice, a la iglesia anglicana de All Saints, en la que el Santo Padre se\u00f1al\u00f3 que el ecumenismo se realiza caminando juntos.<\/p>\n<p style=\"text-align: justify\">ZENIT convers\u00f3 con Mons. Artur Roche, subsecretario de la Congregaci\u00f3n del Culto Divino, quien precis\u00f3 que el evento sucede en el aniversario de los 1420 a\u00f1os de la elecci\u00f3n del monje Agust\u00edn como evangelizador de Inglaterra. Agust\u00edn de Canterbury, venerado como santo por los cat\u00f3licos y anglicanos, quien fue enviado junto al rey Bretwalda , Ethelber del Kent, por el papa san Gregorio I, en el 597.<\/p>\n<p style=\"text-align: justify\">\u201cEstas v\u00edsperas se registran pocos d\u00edas despu\u00e9s de la visita del papa Francisco a la Iglesia anglicana All Saints\u201d, dijo el obispo ingl\u00e9s y precis\u00f3 que \u201cen esta ocasi\u00f3n el Santo Padre ha dicho que la palabra humildad no es solamente una linda virtud sino que distingue a nuestra identidad cristiana, y yo he pensado que esta humildad se tiene que traducir en un servicio mutuo en este momento del camino ecumenico, con generosidad de coraz\u00f3n y una gran fe. Porque Cristo rez\u00f3 por la unidad\u201d.<\/p>\n<p style=\"text-align: justify\">Mons. Roche se\u00f1al\u00f3 que el Papa en el d\u00eda de Pentecost\u00e9s dijo que \u201clos cristianos tienen que salir del refectorio, en misi\u00f3n, para anunciar el Evangelio, sin volver al refectorio para sentir un clima de seguridad, contrariamente se quedan en un refectorio que es un poco oscuro y no tiene la luz fruto de la alegr\u00eda de predicar el Evangelio\u201d.<\/p>\n<p style=\"text-align: justify\">\u201cEl Papa recuerda a los anglicanos y tambi\u00e9n a los cat\u00f3licos -se\u00f1ala el n\u00famero dos del Congregaci\u00f3n del Culto Divino- que no debemos anunciarnos a nosotros mismos, sino a Jesucristo\u201d. Precisa as\u00ed que \u201cel triunfalismo es algo del pasado, no es un puente sino un puesto de bloque. No favorece el caminar juntos, con fe, aunque procedamos de la misma fuente\u201d.<\/p>\n<p style=\"text-align: justify\">Sobre la diferencia existente en la oraci\u00f3n entre las v\u00edsperas cat\u00f3licas y anglicanas, Mons. Roche indica que \u201chay elementos comunes como el canto de los salmos y el Magn\u00edficat\u201d si bien \u201cla forma y organizaci\u00f3n de estos textos es un poco diversa\u201d.<\/p>\n<p style=\"text-align: justify\">El prelado quiso as\u00ed subrayar que \u201csobre todo tenemos que rezar juntos, porque la unidad es un don de Dios, no es un proceso humano. Y esperamos en este momento esta gracia de Dios\u201d y que en estas v\u00edsperas \u201cse ha rezado juntos para obtener de Dios el don de la unidad, como un signo de la fraternidad entre los cristianos\u201d.<\/p>\n<p style=\"text-align: justify\">Interrogado sobre los sacerdotes anglicanos que regresaron al catolicismo, Mons. Roche indic\u00f3 que \u201cel papa Benedicto cre\u00f3 un ordinariato para los sacerdotes anglicanos que retornaron\u201d. Pero que no hay que olvidarse de los otros, porque \u201clos obst\u00e1culos y desaf\u00edos en este momento son muchos, como la ordenaci\u00f3n de las mujeres y el tema de la homosexualidad\u201d. As\u00ed \u201cestas dificultades demuestran que la unidad ser\u00e1 un don de Dios\u201d.<\/p>\n<p style=\"text-align: justify\">Indic\u00f3 entretanto que es necesario \u201cestar m\u00e1s cerca, porque cuando una persona est\u00e1 lejos\u00a0de otro grupo humano hay tambi\u00e9n una distancia en la evaluaci\u00f3n de los temas. En cambio cuando estamos m\u00e1s cerca de los otros es posible que vean nuestra fe en Cristo y nuestra fe eclesial, y que la otra persona sepa la verdad, sobre los temas m\u00e1s centrales. Pero tenemos que caminar para ello, tenemos que comunicar con los otros\u201d.<\/p>\n<p style=\"text-align: justify\">Estas v\u00edsperas en el Vaticano no es el primer acto de este tipo que se realiza en conjunto, dijo: el Coro de la Capilla Pontificia Sixtina ya cant\u00f3 con el de Westminster, incluso el <em>Tu es Petrus<\/em> en la bas\u00edlica de San Pedro, \u201cdonde nuestra fe es muy evidente porque est\u00e1 edificada sobre la tumba de Pedro de quien es sucesora\u201d.<\/p>\n<p style=\"text-align: justify\">Y record\u00f3 que \u201cmuchos a\u00f1os atr\u00e1s, 30 o 40, era mal visto que un anglicano hiciera una peregrinaci\u00f3n a Roma, y tambi\u00e9n para un cat\u00f3lico ir a una peregrinaci\u00f3n a Canterbury. Ahora es menos dif\u00edcil, y esta cercan\u00eda en el orden de la caridad y hermandad, es algo que debemos hacer, porque es obedecer a la recomendaci\u00f3n del Se\u00f1or\u201d. Al concluir record\u00f3 que \u201cun cardenal hace a\u00f1os atr\u00e1s dijo que el ecumenismo es un camino del cual no es posible salirse\u201d. Por eso \u201ctenemos que caminar juntos hacia adelante, esperando este don de Dios de que ser\u00e1 la unidad\u201d.<\/p>\n<p><span class=\"et_bloom_bottom_trigger\"><\/span><\/p>\n<p><a href=\"https:\/\/es.zenit.org\/\" target=\"_blank\" rel=\"nofollow\">Fuente: es.zenit.org<\/a><\/p>\n","protected":false},"excerpt":{"rendered":"<p>(ZENIT- Roma).- Un nuevo paso importante en el camino ecum\u00e9nico se ha registrado este lunes 13 de marzo, en la bas\u00edlica de San Pedro: la recitaci\u00f3n de las v\u00edsperas anglicanas. Ha presidido la oraci\u00f3n el arzobispo anglicano David Moxon, director del Centro Anglicano de Roma, mientras que Mons. Artur Roche, secretario de la Congregaci\u00f3n para &hellip; <a href=\"https:\/\/www.biblia.work\/noticias\/entrevista-a-mons-roche-las-visperas-anglicanas-en-san-pedro-son-otro-paso-del-caminar-juntos\/\" class=\"more-link\">Continuar leyendo<span class=\"screen-reader-text\"> \u00abEntrevista a Mons. Roche: las v\u00edsperas anglicanas en San Pedro son otro paso del \u2018caminar juntos\u2019\u00bb<\/span><\/a><\/p>\n","protected":false},"author":1,"featured_media":0,"comment_status":"open","ping_status":"closed","sticky":false,"template":"","format":"standard","meta":{"footnotes":""},"categories":[1],"tags":[],"class_list":["post-12814","post","type-post","status-publish","format-standard","hentry","category-general"],"_links":{"self":[{"href":"https:\/\/www.biblia.work\/noticias\/wp-json\/wp\/v2\/posts\/12814","targetHints":{"allow":["GET"]}}],"collection":[{"href":"https:\/\/www.biblia.work\/noticias\/wp-json\/wp\/v2\/posts"}],"about":[{"href":"https:\/\/www.biblia.work\/noticias\/wp-json\/wp\/v2\/types\/post"}],"author":[{"embeddable":true,"href":"https:\/\/www.biblia.work\/noticias\/wp-json\/wp\/v2\/users\/1"}],"replies":[{"embeddable":true,"href":"https:\/\/www.biblia.work\/noticias\/wp-json\/wp\/v2\/comments?post=12814"}],"version-history":[{"count":0,"href":"https:\/\/www.biblia.work\/noticias\/wp-json\/wp\/v2\/posts\/12814\/revisions"}],"wp:attachment":[{"href":"https:\/\/www.biblia.work\/noticias\/wp-json\/wp\/v2\/media?parent=12814"}],"wp:term":[{"taxonomy":"category","embeddable":true,"href":"https:\/\/www.biblia.work\/noticias\/wp-json\/wp\/v2\/categories?post=12814"},{"taxonomy":"post_tag","embeddable":true,"href":"https:\/\/www.biblia.work\/noticias\/wp-json\/wp\/v2\/tags?post=12814"}],"curies":[{"name":"wp","href":"https:\/\/api.w.org\/{rel}","templated":true}]}}