{"id":12815,"date":"2017-03-17T11:10:02","date_gmt":"2017-03-17T16:10:02","guid":{"rendered":"http:\/\/www.biblia.work\/noticias\/mark-zuckerberg-dice-que-iglesia-de-rick-warren-es-un-modelo-para-facebook\/"},"modified":"2017-03-17T11:10:02","modified_gmt":"2017-03-17T16:10:02","slug":"mark-zuckerberg-dice-que-iglesia-de-rick-warren-es-un-modelo-para-facebook","status":"publish","type":"post","link":"https:\/\/www.biblia.work\/noticias\/mark-zuckerberg-dice-que-iglesia-de-rick-warren-es-un-modelo-para-facebook\/","title":{"rendered":"Mark Zuckerberg dice que iglesia de Rick Warren es un modelo para Facebook"},"content":{"rendered":"<p style=\"text-align: justify\">EE.UU.- El fundador de Facebook, Mark Zuckerberg, revel\u00f3 que su visi\u00f3n para el desarrollo de una nueva comunidad en l\u00ednea se basa en el modelo de la Iglesia Saddleback, dirigido por el pastor estadounidense Rick Warren.<\/p>\n<p style=\"text-align: justify\">En una entrevista con la revista Wired, Zuckerberg dijo que su modelo para una comunidad en l\u00ednea es similar a la mega-iglesia dirigida por Warren, en el sur de California, en Estados Unidos.<\/p>\n<p style=\"text-align: justify\">&#8220;La humanidad siempre ha estado dirigida a recopilar en mayor n\u00famero para hacer las cosas mejor y mejorar nuestra vida individual de una manera que no pod\u00edamos hacer en grupos m\u00e1s peque\u00f1os&#8221;, dijo Zuckerberg.<\/p>\n<p style=\"text-align: justify\">Se refiri\u00f3 a la iglesia de Warren como un ejemplo de una comunidad donde miles de personas se re\u00fanen no s\u00f3lo bajo la gu\u00eda de un l\u00edder, sino tambi\u00e9n para dividirse en grupos m\u00e1s peque\u00f1os en funci\u00f3n de sus intereses, afinidades y aspiraciones.<\/p>\n<p style=\"text-align: justify\">El fundador de Facebook prev\u00e9 una plataforma donde los l\u00edderes como Warren tendr\u00edan herramientas para guiar y dar forma a sus comunidades. Grupos m\u00e1s peque\u00f1os dentro de estas comunidades permiten a las personas conectarse m\u00e1s \u00edntimamente, a la vez para alimentar a una comunidad m\u00e1s amplia.<\/p>\n<p style=\"text-align: justify\">&#8220;Como hacerse amigo de personas en Facebook pueden fortalecer las relaciones en el mundo real, no hay ninguna raz\u00f3n para no creer que la construcci\u00f3n de comunidades en Facebook tampoco podr\u00eda fortalecer las comunidades del mundo real&#8221;, dijo Zuckerberg.<\/p>\n<p style=\"text-align: justify\">Zuckerberg se reuni\u00f3 con otros l\u00edderes cristianos para aprender sobre el papel de las iglesias en la construcci\u00f3n de comunidades. En enero, se reuni\u00f3 con los l\u00edderes religiosos de Texas como parte de su &#8220;a\u00f1o de viaje&#8221;.<\/p>\n<p style=\"text-align: justify\">El Pastor John Crowder, l\u00edder de la Primera Iglesia Bautista en Occidente, pens\u00f3 que Zuckerberg promover\u00eda alg\u00fan tipo de acci\u00f3n social relacionado con una nueva tecnolog\u00eda, pero s\u00f3lo habl\u00f3 por un minuto y comenz\u00f3 a hacer preguntas.<\/p>\n<p style=\"text-align: justify\">Crowder dijo que el fundador de Facebook estaba interesado en aprender sobre el papel que han desempe\u00f1ado las iglesias despu\u00e9s de la explosi\u00f3n de la planta de fertilizantes que devast\u00f3 la regi\u00f3n de Waco en 2013. Tambi\u00e9n quer\u00eda saber c\u00f3mo las diferentes denominaciones trabajaron juntas para recuperarse del desastre.<\/p>\n<p style=\"text-align: justify\">El ministro tambi\u00e9n revel\u00f3 que Zuckerberg estaba interesado en saber qu\u00e9 cantidad de recursos de la iglesia se dedica a la &#8220;religi\u00f3n&#8221; y cu\u00e1nto se gasta en &#8220;servicio a la comunidad&#8221;.<\/p>\n<p style=\"text-align: justify\">Aaron Zimmerman, un sacerdote episcopal que asisti\u00f3 a una de las reuniones, dijo que tuvo la impresi\u00f3n de que Zuckerberg parec\u00eda estar tratando de hacer las cosas correctas.<\/p>\n<p style=\"text-align: justify\">La entrada <a rel=\"nofollow\" href=\"http:\/\/www.noticiacristiana.com\/iglesia\/2017\/03\/zuckerberg-iglesia-rick-warren-facebook.html\">Mark Zuckerberg dice que iglesia de Rick Warren es un modelo para Facebook<\/a> aparece primero en <a rel=\"nofollow\" href=\"http:\/\/www.noticiacristiana.com\">NoticiaCristiana.com<\/a>.<\/p>\n","protected":false},"excerpt":{"rendered":"<p>EE.UU.- El fundador de Facebook, Mark Zuckerberg, revel\u00f3 que su visi\u00f3n para el desarrollo de una nueva comunidad en l\u00ednea se basa en el modelo de la Iglesia Saddleback, dirigido por el pastor estadounidense Rick Warren. En una entrevista con la revista Wired, Zuckerberg dijo que su modelo para una comunidad en l\u00ednea es similar &hellip; <a href=\"https:\/\/www.biblia.work\/noticias\/mark-zuckerberg-dice-que-iglesia-de-rick-warren-es-un-modelo-para-facebook\/\" class=\"more-link\">Continuar leyendo<span class=\"screen-reader-text\"> \u00abMark Zuckerberg dice que iglesia de Rick Warren es un modelo para Facebook\u00bb<\/span><\/a><\/p>\n","protected":false},"author":1,"featured_media":0,"comment_status":"open","ping_status":"closed","sticky":false,"template":"","format":"standard","meta":{"footnotes":""},"categories":[1],"tags":[],"class_list":["post-12815","post","type-post","status-publish","format-standard","hentry","category-general"],"_links":{"self":[{"href":"https:\/\/www.biblia.work\/noticias\/wp-json\/wp\/v2\/posts\/12815","targetHints":{"allow":["GET"]}}],"collection":[{"href":"https:\/\/www.biblia.work\/noticias\/wp-json\/wp\/v2\/posts"}],"about":[{"href":"https:\/\/www.biblia.work\/noticias\/wp-json\/wp\/v2\/types\/post"}],"author":[{"embeddable":true,"href":"https:\/\/www.biblia.work\/noticias\/wp-json\/wp\/v2\/users\/1"}],"replies":[{"embeddable":true,"href":"https:\/\/www.biblia.work\/noticias\/wp-json\/wp\/v2\/comments?post=12815"}],"version-history":[{"count":0,"href":"https:\/\/www.biblia.work\/noticias\/wp-json\/wp\/v2\/posts\/12815\/revisions"}],"wp:attachment":[{"href":"https:\/\/www.biblia.work\/noticias\/wp-json\/wp\/v2\/media?parent=12815"}],"wp:term":[{"taxonomy":"category","embeddable":true,"href":"https:\/\/www.biblia.work\/noticias\/wp-json\/wp\/v2\/categories?post=12815"},{"taxonomy":"post_tag","embeddable":true,"href":"https:\/\/www.biblia.work\/noticias\/wp-json\/wp\/v2\/tags?post=12815"}],"curies":[{"name":"wp","href":"https:\/\/api.w.org\/{rel}","templated":true}]}}