{"id":12819,"date":"2017-03-17T12:40:04","date_gmt":"2017-03-17T17:40:04","guid":{"rendered":"http:\/\/www.biblia.work\/noticias\/perdon-y-oracion-el-papa-preside-la-celebracion-penitencial-en-la-basilica-de-san-pedro\/"},"modified":"2017-03-17T12:40:04","modified_gmt":"2017-03-17T17:40:04","slug":"perdon-y-oracion-el-papa-preside-la-celebracion-penitencial-en-la-basilica-de-san-pedro","status":"publish","type":"post","link":"https:\/\/www.biblia.work\/noticias\/perdon-y-oracion-el-papa-preside-la-celebracion-penitencial-en-la-basilica-de-san-pedro\/","title":{"rendered":"Perd\u00f3n y oraci\u00f3n: el Papa preside la celebraci\u00f3n penitencial en la Bas\u00edlica de San Pedro"},"content":{"rendered":"<p> <img src='http:\/\/media02.radiovaticana.va\/photo\/2017\/03\/16\/AFP6392362_Thumbnail.jpg' alt='' align='left' hspace='5'> <\/p>\n<p><span><br \/>\n<audio class=\"video-js vjs-default-skin vjs-big-play-button-centered rv-custom-audio\" controls=\"\" id=\"audioItem_9908938\" preload=\"none\"><\/audio><br \/>\n<span class=\"rv-audio-download\"><a href=\"http:\/\/media02.radiovaticana.va\/audio\/audio2\/mp3\/00574144.mp3\" title=\"Download audio\"><img decoding=\"async\" src=\"http:\/\/es.radiovaticana.va\/Modules\/Presentation\/Styles\/images-common\/icons\/download-audio-mp3_off.png\" style=\"height: 30px\" \/><\/a><\/span> <\/span><\/p>\n<p>(RV).- &ldquo;&iexcl;Por Cristo, yo ayudo a los damnificados!&rdquo;, con este lema los Obispos de la Conferencia Episcopal Peruana expresan en un comunicado, &ldquo;su solidaridad y cercan&iacute;a con todos los hermanos y hermanas que sufren a consecuencia de estos fen&oacute;menos naturales, tanto por la muerte de alg&uacute;n ser querido como por la p&eacute;rdida de todo lo que ten&iacute;an para vivir&rdquo;. Ante las im&aacute;genes que vemos en estos d&iacute;as, se&ntilde;alan los Prelados, de los duros embates de la naturaleza en diversas partes de este pa&iacute;s, sobre todo en el norte y en el centro, la Conferencia Episcopal Peruana desea reconocer los esfuerzos de muchas personas de buena voluntad y del actual Gobierno para responder con solidaridad a esta emergencia nacional. &ldquo;Sin embargo, manifiestan los Obispos, los esfuerzos deben ser grandes porque las calamidades son grandes. Por eso, hacemos un llamado a todos los peruanos y peruanas, para que colaboren con ayuda material que ha ser entregada en las zonas m&aacute;s golpeadas de nuestra Patria&rdquo;.<\/p>\n<p>&ldquo;Los Obispos del Per&uacute;, como pastores de un pueblo creyente hemos convocado para que este domingo, 19 de marzo, sea un d&iacute;a de oraci&oacute;n y del mismo modo para que nuestros fieles, de todas las parroquias y centros religiosos de nuestra Patria, puedan expresar su generosidad y su amor a Jesucristo en el hermano que sufre&rdquo;. En medio de todo este dolor que la naturaleza est&aacute; sembrando en nuestro territorio nacional, alientan los Prelados a que, mantengamos la fe que ilumina y fortalece, conservemos la esperanza que alimenta la solidaridad, abramos las puertas de la caridad para que el alivio de tantos necesitados sea pronto y oportuno, recordando que quien sufre no es solo un compatriota sino tambi&eacute;n un hermano. Elevamos nuestra oraci&oacute;n al Se&ntilde;or, concluyen los Obispos, y le pedimos por la intercesi&oacute;n de la Virgen Mar&iacute;a su misericordia y su bondad.<\/p>\n<p>(Renato Martinez &ndash; Radio Vaticano)<\/p>\n<p><strong>Texto completo del Comunicado de la Conferencia Episcopal Peruana<\/strong><\/p>\n<p>&iexcl;Por Cristo, yo ayudo a los damnificados!<\/p>\n<p>Ante las im&aacute;genes que vemos en estos d&iacute;as, de los duros embates de la naturaleza en diversas partes de nuestro pa&iacute;s, sobre todo en el norte y en el centro, la Conferencia Episcopal Peruana desea expresar su solidaridad y cercan&iacute;a con todos los hermanos y hermanas que sufren a consecuencia de estos fen&oacute;menos naturales, tanto por la muerte de alg&uacute;n ser querido como por la p&eacute;rdida de todo lo que ten&iacute;an para vivir. Reconocemos los esfuerzos de muchas personas de buena voluntad y del actual Gobierno para responder con solidaridad a esta emergencia nacional. Sin embargo, los esfuerzos deben ser grandes porque las calamidades son grandes. Por eso, hacemos un llamado a todos los peruanos y peruanas, para que colaboren con ayuda material que ha ser entregada en las zonas m&aacute;s golpeadas de nuestra Patria. Los Obispos del Per&uacute;, como pastores de un pueblo creyente hemos convocado para que este domingo 19 de marzo sea un d&iacute;a de oraci&oacute;n y del mismo modo para que nuestros fieles, de todas las parroquias y centros religiosos de nuestra Patria, puedan expresar su generosidad y su amor a Jesucristo en el hermano que sufre. En medio de todo este dolor que la naturaleza est&aacute; sembrando en nuestro territorio nacional, mantengamos la fe que ilumina y fortalece, conservemos la esperanza que alimenta la solidaridad, abramos las puertas de la caridad para que el alivio de tantos necesitados sea pronto y oportuno, recordando que quien sufre no es solo un compatriota sino tambi&eacute;n un hermano. Elevamos nuestra oraci&oacute;n al Se&ntilde;or y le pedimos por la intercesi&oacute;n de la Virgen Mar&iacute;a su misericordia y su bondad.<\/p>\n<p>Lima, 16 de Marzo de 2017<\/p>\n<p>Los Obispos del Per&uacute;<\/p>\n<p><a href=\"http:\/\/es.radiovaticana.va\" target=\"_blank\" rel=\"nofollow\">Fuente: es.radiovaticana.va<\/a><\/p>\n","protected":false},"excerpt":{"rendered":"<p>(RV).- &ldquo;&iexcl;Por Cristo, yo ayudo a los damnificados!&rdquo;, con este lema los Obispos de la Conferencia Episcopal Peruana expresan en un comunicado, &ldquo;su solidaridad y cercan&iacute;a con todos los hermanos y hermanas que sufren a consecuencia de estos fen&oacute;menos naturales, tanto por la muerte de alg&uacute;n ser querido como por la p&eacute;rdida de todo lo &hellip; <a href=\"https:\/\/www.biblia.work\/noticias\/perdon-y-oracion-el-papa-preside-la-celebracion-penitencial-en-la-basilica-de-san-pedro\/\" class=\"more-link\">Continuar leyendo<span class=\"screen-reader-text\"> \u00abPerd\u00f3n y oraci\u00f3n: el Papa preside la celebraci\u00f3n penitencial en la Bas\u00edlica de San Pedro\u00bb<\/span><\/a><\/p>\n","protected":false},"author":1,"featured_media":0,"comment_status":"open","ping_status":"closed","sticky":false,"template":"","format":"standard","meta":{"footnotes":""},"categories":[1],"tags":[],"class_list":["post-12819","post","type-post","status-publish","format-standard","hentry","category-general"],"_links":{"self":[{"href":"https:\/\/www.biblia.work\/noticias\/wp-json\/wp\/v2\/posts\/12819","targetHints":{"allow":["GET"]}}],"collection":[{"href":"https:\/\/www.biblia.work\/noticias\/wp-json\/wp\/v2\/posts"}],"about":[{"href":"https:\/\/www.biblia.work\/noticias\/wp-json\/wp\/v2\/types\/post"}],"author":[{"embeddable":true,"href":"https:\/\/www.biblia.work\/noticias\/wp-json\/wp\/v2\/users\/1"}],"replies":[{"embeddable":true,"href":"https:\/\/www.biblia.work\/noticias\/wp-json\/wp\/v2\/comments?post=12819"}],"version-history":[{"count":0,"href":"https:\/\/www.biblia.work\/noticias\/wp-json\/wp\/v2\/posts\/12819\/revisions"}],"wp:attachment":[{"href":"https:\/\/www.biblia.work\/noticias\/wp-json\/wp\/v2\/media?parent=12819"}],"wp:term":[{"taxonomy":"category","embeddable":true,"href":"https:\/\/www.biblia.work\/noticias\/wp-json\/wp\/v2\/categories?post=12819"},{"taxonomy":"post_tag","embeddable":true,"href":"https:\/\/www.biblia.work\/noticias\/wp-json\/wp\/v2\/tags?post=12819"}],"curies":[{"name":"wp","href":"https:\/\/api.w.org\/{rel}","templated":true}]}}