{"id":12826,"date":"2017-03-17T14:10:02","date_gmt":"2017-03-17T19:10:02","guid":{"rendered":"http:\/\/www.biblia.work\/noticias\/john-macarthur-reforma-protestante-no-ha-terminado\/"},"modified":"2017-03-17T14:10:02","modified_gmt":"2017-03-17T19:10:02","slug":"john-macarthur-reforma-protestante-no-ha-terminado","status":"publish","type":"post","link":"https:\/\/www.biblia.work\/noticias\/john-macarthur-reforma-protestante-no-ha-terminado\/","title":{"rendered":"John MacArthur: \u201cReforma protestante no ha terminado\u201d"},"content":{"rendered":"<p style=\"text-align: justify\">EE.UU.- &#8220;La Reforma no ha terminado&#8221;, dijo John MacArthur a los reunidos en la Conferencia Nacional de Ligonier en Orlando, Florida (EE.UU.).<\/p>\n<p style=\"text-align: justify\">En una predicaci\u00f3n dada el pasado jueves (9), MacArthur habl\u00f3 sobre la lucha del fundador de la Reforma Protestante del siglo XVI, Mart\u00edn Lutero, contin\u00faa hasta nuestros d\u00edas, afirmando que &#8220;la batalla por el Evangelio sigue siendo intensa&#8221;.<\/p>\n<p style=\"text-align: justify\">&#8220;La cuesti\u00f3n del Evangelio no negociable no ha sido resuelto hace 500 a\u00f1os, sino m\u00e1s bien establecida hace m\u00e1s de 2.000 a\u00f1os. Sin embargo, todav\u00eda estamos llamando a la iglesia profesante de ser fiel a la verdad&#8221;, dijo MacArthur.<\/p>\n<p style=\"text-align: justify\">&#8220;La Reforma no ha terminado: a cada paso del camino, cada nuevo falso maestro viene a ense\u00f1ar una u otra versi\u00f3n del mensaje alternativo, esto debe ser abordado&#8221;, agreg\u00f3.<\/p>\n<p style=\"text-align: justify\">MacArthur hizo hincapi\u00e9 en la importancia de contar con ancianos de la Iglesia que &#8220;deber\u00edan ser hombres que puedan refutar el error&#8221;. Tambi\u00e9n destac\u00f3 la llamada Reforma, &#8220;Sola Fide&#8221; o la salvaci\u00f3n solamente por la fe.<\/p>\n<p style=\"text-align: justify\">&#8220;Si esta doctrina de &#8216;Sola Fide&#8217; se sustenta, la iglesia se mantiene, si este art\u00edculo se desmorona, entra en colapso&#8221;, continu\u00f3 MacArthur, que contrasta con la opini\u00f3n contraria expresada por el Consejo Cat\u00f3lico de Trento, que clasificaba la doctrina reformada como anatema.<\/p>\n<p style=\"text-align: justify\">&#8220;\u00bfCree que hay armon\u00eda entre el catolicismo romano y las doctrinas de las verdaderas iglesias evang\u00e9licas? De ninguna manera&#8221;, dijo.<\/p>\n<p style=\"text-align: justify\">Las declaraciones del MacArthur eran parte de la \u00faltima Conferencia Ligonier, un evento de varios d\u00edas, cuyo tema se centr\u00f3 en el 500 aniversario de la Reforma Protestante.<\/p>\n<p style=\"text-align: justify\">Adem\u00e1s de MacArthur, se invit\u00f3 a otros oradores, como Alistair Begg (pastor principal de la Iglesia de Parkside en Cleveland, Ohio); Robert W. Godfrey (presidente y profesor de historia eclesi\u00e1stica en el Seminario Westminster en California); Stephen Tong (fundador y pastor principal de la Iglesia Evang\u00e9lica Reformada de Indonesia); y el presidente del Seminario Teol\u00f3gico Bautista del Sur, Al Mohler.<\/p>\n<p style=\"text-align: justify\">Durante su intervenci\u00f3n, Mohler argumenta que en el siglo 21 estadounidenses fueron testigos de &#8220;la muerte del gran sue\u00f1o liberal&#8221;, que \u00e9l describe como teniendo &#8220;el valor intr\u00ednseco de la vida humana&#8221; respetado, en detrimento del cristianismo.<\/p>\n<p style=\"text-align: justify\">&#8220;El gran sue\u00f1o liberal no produjo el florecimiento humano, no produjo la felicidad humana&#8221;, dijo. &#8220;La santidad de la vida humana no fue m\u00e1s afirmada, pero menos afirmada&#8221;.<\/p>\n<p style=\"text-align: justify\">&#8220;Ahora, hay todo tipo de cosas que se pueden se\u00f1alar c\u00f3mo los buenos regalos que vinieron a trav\u00e9s de su visi\u00f3n del mundo y su influencia, pero en el fondo, la dignidad humana no se ha incrementado a nivel mundial&#8221;, agreg\u00f3.<\/p>\n<p style=\"text-align: justify\">La entrada <a rel=\"nofollow\" href=\"http:\/\/www.noticiacristiana.com\/educacion\/teologia\/2017\/03\/macarthur-reforma-protestante-no-terminado.html\">John MacArthur: \u201cReforma protestante no ha terminado\u201d<\/a> aparece primero en <a rel=\"nofollow\" href=\"http:\/\/www.noticiacristiana.com\">NoticiaCristiana.com<\/a>.<\/p>\n","protected":false},"excerpt":{"rendered":"<p>EE.UU.- &#8220;La Reforma no ha terminado&#8221;, dijo John MacArthur a los reunidos en la Conferencia Nacional de Ligonier en Orlando, Florida (EE.UU.). En una predicaci\u00f3n dada el pasado jueves (9), MacArthur habl\u00f3 sobre la lucha del fundador de la Reforma Protestante del siglo XVI, Mart\u00edn Lutero, contin\u00faa hasta nuestros d\u00edas, afirmando que &#8220;la batalla por &hellip; <a href=\"https:\/\/www.biblia.work\/noticias\/john-macarthur-reforma-protestante-no-ha-terminado\/\" class=\"more-link\">Continuar leyendo<span class=\"screen-reader-text\"> \u00abJohn MacArthur: \u201cReforma protestante no ha terminado\u201d\u00bb<\/span><\/a><\/p>\n","protected":false},"author":1,"featured_media":0,"comment_status":"open","ping_status":"closed","sticky":false,"template":"","format":"standard","meta":{"footnotes":""},"categories":[1],"tags":[],"class_list":["post-12826","post","type-post","status-publish","format-standard","hentry","category-general"],"_links":{"self":[{"href":"https:\/\/www.biblia.work\/noticias\/wp-json\/wp\/v2\/posts\/12826","targetHints":{"allow":["GET"]}}],"collection":[{"href":"https:\/\/www.biblia.work\/noticias\/wp-json\/wp\/v2\/posts"}],"about":[{"href":"https:\/\/www.biblia.work\/noticias\/wp-json\/wp\/v2\/types\/post"}],"author":[{"embeddable":true,"href":"https:\/\/www.biblia.work\/noticias\/wp-json\/wp\/v2\/users\/1"}],"replies":[{"embeddable":true,"href":"https:\/\/www.biblia.work\/noticias\/wp-json\/wp\/v2\/comments?post=12826"}],"version-history":[{"count":0,"href":"https:\/\/www.biblia.work\/noticias\/wp-json\/wp\/v2\/posts\/12826\/revisions"}],"wp:attachment":[{"href":"https:\/\/www.biblia.work\/noticias\/wp-json\/wp\/v2\/media?parent=12826"}],"wp:term":[{"taxonomy":"category","embeddable":true,"href":"https:\/\/www.biblia.work\/noticias\/wp-json\/wp\/v2\/categories?post=12826"},{"taxonomy":"post_tag","embeddable":true,"href":"https:\/\/www.biblia.work\/noticias\/wp-json\/wp\/v2\/tags?post=12826"}],"curies":[{"name":"wp","href":"https:\/\/api.w.org\/{rel}","templated":true}]}}