{"id":12851,"date":"2017-03-18T13:05:04","date_gmt":"2017-03-18T18:05:04","guid":{"rendered":"http:\/\/www.biblia.work\/noticias\/abren-causa-de-canonizacion-de-56-martires-de-la-guerra-civil-espanola\/"},"modified":"2017-03-18T13:05:04","modified_gmt":"2017-03-18T18:05:04","slug":"abren-causa-de-canonizacion-de-56-martires-de-la-guerra-civil-espanola","status":"publish","type":"post","link":"https:\/\/www.biblia.work\/noticias\/abren-causa-de-canonizacion-de-56-martires-de-la-guerra-civil-espanola\/","title":{"rendered":"Abren causa de canonizaci\u00f3n de 56 m\u00e1rtires de la Guerra Civil Espa\u00f1ola"},"content":{"rendered":"<p> MADRID, 18 Mar. 17 (ACI).-<br \/>\n\tEl Arzobispo de Madrid, Cardenal Carlos Osoro, abri&oacute; este s&aacute;bado 18 de marzo la causa de canonizaci&oacute;n del sacerdote P. Cipriano Mart&iacute;nez Gil y 55 compa&ntilde;eros m&aacute;rtires asesinados durante la persecuci&oacute;n religiosa de la Guerra Civil Espa&ntilde;ola.<\/p>\n<p style=\"text-align: justify\">\n\tEl P. Mart&iacute;nez, sacerdote de 31 a&ntilde;os, es quien encabeza la causa que incluye a otros 48 sacerdotes diocesanos y 7 laicos que murieron por odio a la fe entre 1936 y 1939.<\/p>\n<p style=\"text-align: justify\">\n\t\tComienza Apertura de Canonizaci&oacute;n de #CiprianoMartinezGil y 55 compa&ntilde;eros m&aacute;rtires @archimadrid pic.twitter.com\/T1ug4tAvY8<\/p>\n<p>\t&mdash; ParroquiaNtraSraPino (@NtraSraPino) 18 de marzo de 2017<\/p>\n<p style=\"text-align: justify\">\n\tD&iacute;as antes de morir el P. Cipriano Mart&iacute;nez repet&iacute;a: &ldquo;los santos no solo sembraron. Se sembraron&hellip; Dieron su vida por su obra, a imagen de Cristo, que la dio por su Iglesia. Si el grano de trigo no cae en la tierra&hellip; no dar&aacute; fruto. &iexcl;Sembrarse!&rdquo;.<\/p>\n<p style=\"text-align: justify\">\n\tLa ceremonia de apertura de la causa de canonizaci&oacute;n fue presidida por el Cardenal Osoro y le acompa&ntilde;&oacute; el Obispo Auxiliar de la Archidi&oacute;cesis, Mons. Juan Antonio Mart&iacute;nez Camino.<\/p>\n<p style=\"text-align: justify\">\n\tCon la apertura de la fase diocesana de esta causa ahora toca recopilar m&aacute;s informaci&oacute;n sobre cada uno de estos 56 m&aacute;rtires, adem&aacute;s de los testimonios para que luego sean estudiados por la Congregaci&oacute;n de la Causa de los Santos en el Vaticano.<\/p>\n<p style=\"text-align: justify\">\n\tEn la documentaci&oacute;n presentada para la apertura de la causa, Mons. Mart&iacute;nez Camino destac&oacute; que &ldquo;al final del segundo milenio, la Iglesia ha vuelto a ser de nuevo Iglesia de m&aacute;rtires&rdquo;.<\/p>\n<p style=\"text-align: justify\">\n\t&ldquo;En el siglo XX fueron centenares de miles los cristianos de todas las confesiones &ndash;cat&oacute;licos, ortodoxos, armenios, protestantes, anglicanos&ndash; los que ofrecieron el testimonio supremo del amor a Dios uniendo su propia sangre a la preciosa sangre del Salvador&rdquo;, escribi&oacute; el Obispo Auxiliar de Madrid.<\/p>\n<p style=\"text-align: justify\">\n\tEn concreto, en Espa&ntilde;a, durante la d&eacute;cada de los 30, &ldquo;perdieron su vida como testigos de la fe unos 4.000 sacerdotes y seminaristas seculares, 3.000 consagrados y bastantes miles de laicos comprometidos. De ellos, en estos &uacute;ltimos a&ntilde;os, cerca de 2.000 han sido elevados a los altares como santos y beatos&rdquo;, apunt&oacute; el Prelado.<\/p>\n<p style=\"text-align: justify\">\n\tMons. Mart&iacute;nez Camino asegur&oacute; tambi&eacute;n en la informaci&oacute;n enviada para el proceso de canonizaci&oacute;n que en 1936, fecha de inicio de la Guerra Civil, &ldquo;Madrid contaba con 1.118 sacerdotes seculares, de los cuales fueron martirizados 379, lo que equivale a un 33,9% del clero secular madrile&ntilde;o&rdquo;.<\/p>\n<p style=\"text-align: justify\">\n\tBreve biograf&iacute;a del P. Mart&iacute;nez Gil<\/p>\n<p style=\"text-align: justify\">\n\tEl P. Cipriano Mart&iacute;nez Gil ingres&oacute; con 9 a&ntilde;os en el Seminario Menor de Alcal&aacute; de Henares, fue ordenado sacerdote en 1928, a los 24 a&ntilde;os de edad. Fue confesor en el convento de las Clarisas de San Pascual, en el Paseo de Recoletos de Madrid.<\/p>\n<p style=\"text-align: justify\">\n\tEn ese convento orient&oacute; la vocaci&oacute;n de la venerable sor Cristina de la Cruz de Arteaga, impulsora y fundadora de muchos monasterios de Jer&oacute;nimas. Ella misma escribir&iacute;a posteriormente sobre la vida y el martirio del P. Cipriano.<\/p>\n<p style=\"text-align: justify\">\n\tEl sacerdote fue nombrado p&aacute;rroco en El Pardo, a las afueras de Madrid. En julio de 1936 fue encerrado durante 30 d&iacute;as en la c&aacute;rcel. All&iacute; el sacerdote hac&iacute;a largas horas de oraci&oacute;n y alentaba a sus compa&ntilde;eros de celda a mantener la fe y a perdonar.<\/p>\n<p style=\"text-align: justify\">\n\t&ldquo;Hay que perdonar. Tenemos que estar dispuestos a lo que Dios quiera, a darle la vida si es preciso&rdquo;, dec&iacute;a el joven sacerdote en la c&aacute;rcel.<\/p>\n<p style=\"text-align: justify\">\n\tAntes de ser fusilado por milicianos pidi&oacute; recogerse en oraci&oacute;n y muri&oacute; con el rosario en la mano.<\/p>\n<p style=\"text-align: justify\">\n\tLa Guerra Civil Espa&ntilde;ola (1936-1939) se caracteriz&oacute; por una violenta persecuci&oacute;n religiosa y un fuerte anticlericalismo. Durante estos a&ntilde;os, miles de cristianos murieron por su fe en todo el pa&iacute;s. Muchos de ellos han sido posteriormente beatificados.<\/p>\n<p style=\"text-align: justify\">\n\tM&aacute;s informaci&oacute;n sobre la causa de canonizaci&oacute;n del P. Cipriano Mart&iacute;nez y 55 compa&ntilde;eros m&aacute;rtires AQU&Iacute;.<\/p>\n<p style=\"text-align: justify\">\n\tTambi&eacute;n te puede interesar:&nbsp;<\/p>\n<p style=\"text-align: justify\">\n\t\tBeatificar&aacute;n a gitana martirizada por no delatar a catequista que le ense&ntilde;&oacute; el rosario https:\/\/t.co\/OJeoUz5xno<\/p>\n<p>\t&mdash; ACI Prensa (@aciprensa) 7 de febrero de 2017<\/p>\n<p style=\"text-align: justify\">\n\t&nbsp;<\/p>\n","protected":false},"excerpt":{"rendered":"<p>MADRID, 18 Mar. 17 (ACI).- El Arzobispo de Madrid, Cardenal Carlos Osoro, abri&oacute; este s&aacute;bado 18 de marzo la causa de canonizaci&oacute;n del sacerdote P. Cipriano Mart&iacute;nez Gil y 55 compa&ntilde;eros m&aacute;rtires asesinados durante la persecuci&oacute;n religiosa de la Guerra Civil Espa&ntilde;ola. El P. Mart&iacute;nez, sacerdote de 31 a&ntilde;os, es quien encabeza la causa que &hellip; <a href=\"https:\/\/www.biblia.work\/noticias\/abren-causa-de-canonizacion-de-56-martires-de-la-guerra-civil-espanola\/\" class=\"more-link\">Continuar leyendo<span class=\"screen-reader-text\"> \u00abAbren causa de canonizaci\u00f3n de 56 m\u00e1rtires de la Guerra Civil Espa\u00f1ola\u00bb<\/span><\/a><\/p>\n","protected":false},"author":1,"featured_media":0,"comment_status":"open","ping_status":"closed","sticky":false,"template":"","format":"standard","meta":{"footnotes":""},"categories":[1],"tags":[],"class_list":["post-12851","post","type-post","status-publish","format-standard","hentry","category-general"],"_links":{"self":[{"href":"https:\/\/www.biblia.work\/noticias\/wp-json\/wp\/v2\/posts\/12851","targetHints":{"allow":["GET"]}}],"collection":[{"href":"https:\/\/www.biblia.work\/noticias\/wp-json\/wp\/v2\/posts"}],"about":[{"href":"https:\/\/www.biblia.work\/noticias\/wp-json\/wp\/v2\/types\/post"}],"author":[{"embeddable":true,"href":"https:\/\/www.biblia.work\/noticias\/wp-json\/wp\/v2\/users\/1"}],"replies":[{"embeddable":true,"href":"https:\/\/www.biblia.work\/noticias\/wp-json\/wp\/v2\/comments?post=12851"}],"version-history":[{"count":0,"href":"https:\/\/www.biblia.work\/noticias\/wp-json\/wp\/v2\/posts\/12851\/revisions"}],"wp:attachment":[{"href":"https:\/\/www.biblia.work\/noticias\/wp-json\/wp\/v2\/media?parent=12851"}],"wp:term":[{"taxonomy":"category","embeddable":true,"href":"https:\/\/www.biblia.work\/noticias\/wp-json\/wp\/v2\/categories?post=12851"},{"taxonomy":"post_tag","embeddable":true,"href":"https:\/\/www.biblia.work\/noticias\/wp-json\/wp\/v2\/tags?post=12851"}],"curies":[{"name":"wp","href":"https:\/\/api.w.org\/{rel}","templated":true}]}}