{"id":12853,"date":"2017-03-18T17:05:04","date_gmt":"2017-03-18T22:05:04","guid":{"rendered":"http:\/\/www.biblia.work\/noticias\/por-que-la-solemnidad-de-san-jose-se-traslada-al-20-de-marzo\/"},"modified":"2017-03-18T17:05:04","modified_gmt":"2017-03-18T22:05:04","slug":"por-que-la-solemnidad-de-san-jose-se-traslada-al-20-de-marzo","status":"publish","type":"post","link":"https:\/\/www.biblia.work\/noticias\/por-que-la-solemnidad-de-san-jose-se-traslada-al-20-de-marzo\/","title":{"rendered":"\u00bfPor qu\u00e9 la solemnidad de San Jos\u00e9 se traslada al 20 de marzo?"},"content":{"rendered":"<p> REDACCI\u00d3N CENTRAL, 18 Mar. 17 (ACI).-<br \/>\n\tNormalmente la solemnidad de San Jos&eacute; se celebra cada a&ntilde;o el 19 de marzo, sin embargo, al coincidir con el tercer domingo de Cuaresma su celebraci&oacute;n se traslada este 2017 al lunes 20 de marzo.<\/p>\n<p style=\"text-align: justify\">\n\t&ldquo;El tiempo cuaresmal prepara a los fieles, entregados m&aacute;s intensamente a o&iacute;r la palabra de Dios y a la oraci&oacute;n, para que celebran el misterio pascual, sobre todo mediante el recuerdo o la preparaci&oacute;n del bautismo y mediante la penitencia, d&eacute;se particular relieve en la Liturgia y en la catequesis lit&uacute;rgica al doble car&aacute;cter de dicho tiempo&rdquo;, especifica la constituci&oacute;n Sacrosanctum Concilium sobre la sagrada liturgia.<\/p>\n<p style=\"text-align: justify\">\n\tAdem&aacute;s, indica que &ldquo;para que las fiestas de los santos no prevalezcan sobre los misterios de la salvaci&oacute;n, d&eacute;jese la celebraci&oacute;n de muchas de ellas a las Iglesias particulares, naciones o familias religiosas, extendiendo a toda la Iglesia solo aquellas que recuerdan a santos de importancia realmente universal&rdquo;.<\/p>\n<p style=\"text-align: justify\">\n\tEn ese sentido, durante el periodo cuaresmal solo se celebran un m&aacute;ximo de cuatro festividades: San Cirilo y San Metodio (14 de febrero), la C&aacute;tedra de San Pedro (22 de febrero), fiesta de San Jos&eacute; (19 de marzo) y la Anunciaci&oacute;n del Se&ntilde;or (25 de marzo).<\/p>\n<p style=\"text-align: justify\">\n\tSi se llegara a celebrar la memoria de los santos en Cuaresma, se debe hacer con ornamentos morados y del modo como indican las normas lit&uacute;rgicas.<\/p>\n<p style=\"text-align: justify\">\n\tTambi&eacute;n te puede interesar:&nbsp;<\/p>\n<p style=\"text-align: justify\">\n\t\tVIDEO: Lanzan iniciativa web para promover devoci&oacute;n a San Jos&eacute; https:\/\/t.co\/0qzNvbQJ8b<\/p>\n<p>\t&mdash; ACI Prensa (@aciprensa) 1 de marzo de 2017<\/p>\n<p style=\"text-align: justify\">\n\t&nbsp;<\/p>\n","protected":false},"excerpt":{"rendered":"<p>REDACCI\u00d3N CENTRAL, 18 Mar. 17 (ACI).- Normalmente la solemnidad de San Jos&eacute; se celebra cada a&ntilde;o el 19 de marzo, sin embargo, al coincidir con el tercer domingo de Cuaresma su celebraci&oacute;n se traslada este 2017 al lunes 20 de marzo. &ldquo;El tiempo cuaresmal prepara a los fieles, entregados m&aacute;s intensamente a o&iacute;r la palabra &hellip; <a href=\"https:\/\/www.biblia.work\/noticias\/por-que-la-solemnidad-de-san-jose-se-traslada-al-20-de-marzo\/\" class=\"more-link\">Continuar leyendo<span class=\"screen-reader-text\"> \u00ab\u00bfPor qu\u00e9 la solemnidad de San Jos\u00e9 se traslada al 20 de marzo?\u00bb<\/span><\/a><\/p>\n","protected":false},"author":1,"featured_media":0,"comment_status":"open","ping_status":"closed","sticky":false,"template":"","format":"standard","meta":{"footnotes":""},"categories":[1],"tags":[],"class_list":["post-12853","post","type-post","status-publish","format-standard","hentry","category-general"],"_links":{"self":[{"href":"https:\/\/www.biblia.work\/noticias\/wp-json\/wp\/v2\/posts\/12853","targetHints":{"allow":["GET"]}}],"collection":[{"href":"https:\/\/www.biblia.work\/noticias\/wp-json\/wp\/v2\/posts"}],"about":[{"href":"https:\/\/www.biblia.work\/noticias\/wp-json\/wp\/v2\/types\/post"}],"author":[{"embeddable":true,"href":"https:\/\/www.biblia.work\/noticias\/wp-json\/wp\/v2\/users\/1"}],"replies":[{"embeddable":true,"href":"https:\/\/www.biblia.work\/noticias\/wp-json\/wp\/v2\/comments?post=12853"}],"version-history":[{"count":0,"href":"https:\/\/www.biblia.work\/noticias\/wp-json\/wp\/v2\/posts\/12853\/revisions"}],"wp:attachment":[{"href":"https:\/\/www.biblia.work\/noticias\/wp-json\/wp\/v2\/media?parent=12853"}],"wp:term":[{"taxonomy":"category","embeddable":true,"href":"https:\/\/www.biblia.work\/noticias\/wp-json\/wp\/v2\/categories?post=12853"},{"taxonomy":"post_tag","embeddable":true,"href":"https:\/\/www.biblia.work\/noticias\/wp-json\/wp\/v2\/tags?post=12853"}],"curies":[{"name":"wp","href":"https:\/\/api.w.org\/{rel}","templated":true}]}}