{"id":12855,"date":"2017-03-19T06:40:03","date_gmt":"2017-03-19T11:40:03","guid":{"rendered":"http:\/\/www.biblia.work\/noticias\/el-papa-llamo-a-convertise-en-artifices-de-reconciliacion-e-instrumentos-de-paz-en-la-vida-cotidiana-en-el-angelus-del-19\/"},"modified":"2017-03-19T06:40:03","modified_gmt":"2017-03-19T11:40:03","slug":"el-papa-llamo-a-convertise-en-artifices-de-reconciliacion-e-instrumentos-de-paz-en-la-vida-cotidiana-en-el-angelus-del-19","status":"publish","type":"post","link":"https:\/\/www.biblia.work\/noticias\/el-papa-llamo-a-convertise-en-artifices-de-reconciliacion-e-instrumentos-de-paz-en-la-vida-cotidiana-en-el-angelus-del-19\/","title":{"rendered":"El Papa llam\u00f3 a convertise en art\u00edfices de reconciliaci\u00f3n e instrumentos de paz en la vida cotidiana, en el \u00c1ngelus del 19"},"content":{"rendered":"<p> <img src='http:\/\/media02.radiovaticana.va\/photo\/2015\/09\/28\/ANSA876380_Thumbnail.jpg' alt='' align='left' hspace='5'> <\/p>\n<p><span><br \/>\n<audio class=\"video-js vjs-default-skin vjs-big-play-button-centered rv-custom-audio\" controls=\"\" id=\"audioItem_9921780\" preload=\"none\"><\/audio><br \/>\n<span class=\"rv-audio-download\"><a href=\"http:\/\/media02.radiovaticana.va\/audio\/audio2\/mp3\/00574339.mp3\" title=\"Download audio\"><img decoding=\"async\" src=\"http:\/\/es.radiovaticana.va\/Modules\/Presentation\/Styles\/images-common\/icons\/download-audio-mp3_off.png\" style=\"height: 30px\" \/><\/a><\/span> <\/span><\/p>\n<p>(RV).- El 19 de marzo de 2013, solemnidad de <strong>San Jos&eacute;<\/strong>, tuvo lugar la Santa Misa&nbsp;de&nbsp;inauguraci&oacute;n del Pontificado&nbsp;del<strong> Papa Francisco<\/strong> a la que acudieron delegaciones oficiales provenientes de 132 pa&iacute;ses del mundo y l&iacute;deres de otras confesiones religiosas. Han pasado ya cuatro a&ntilde;os de aquel momento hist&oacute;rico y los oyentes de Radio Vaticana siguen acompa&ntilde;ando fielmente al Sucesor de Pedro.<\/p>\n<p>La<strong> Voz del Papa<\/strong> llega cada d&iacute;a a miles de oyentes con la ayuda del trabajo de todo el equipo de redacci&oacute;n de Radio Vaticana que hace posible la elaboraci&oacute;n de los informativos, audios, cr&oacute;nicas y dem&aacute;s contenidos que compartimos en nuestra Web y en las <strong>Redes Sociales<\/strong>.<\/p>\n<p>A trav&eacute;s de nuestro n&uacute;mero de WhatsApp nos llegan las voces de nuestra querida audiencia felicitando al Papa por sus cuatro a&ntilde;os de Ministerio Petrino y ofreciendo oraciones por &eacute;l. Agradecemos todos los mensajes y muestras de cari&ntilde;o para el Santo Padre, que hemos recibido por parte de nuestros seguidores en las Redes a lo largo de la semana.<\/p>\n<p>Unidos a nuestra audiencia rezamos por el Santo Padre Francisco, para que Dios gu&iacute;e sus pasos como Vicario de Cristo.<\/p>\n<p>Sigue el &Aacute;ngelus Dominical y la Bendici&oacute;n Apost&oacute;lica del Papa en nuestro canal de<strong> Youtube<\/strong>.<\/p>\n<p>(SL-RV)<\/p>\n<\/p>\n<p><a href=\"http:\/\/es.radiovaticana.va\" target=\"_blank\" rel=\"nofollow\">Fuente: es.radiovaticana.va<\/a><\/p>\n","protected":false},"excerpt":{"rendered":"<p>(RV).- El 19 de marzo de 2013, solemnidad de San Jos&eacute;, tuvo lugar la Santa Misa&nbsp;de&nbsp;inauguraci&oacute;n del Pontificado&nbsp;del Papa Francisco a la que acudieron delegaciones oficiales provenientes de 132 pa&iacute;ses del mundo y l&iacute;deres de otras confesiones religiosas. Han pasado ya cuatro a&ntilde;os de aquel momento hist&oacute;rico y los oyentes de Radio Vaticana siguen acompa&ntilde;ando &hellip; <a href=\"https:\/\/www.biblia.work\/noticias\/el-papa-llamo-a-convertise-en-artifices-de-reconciliacion-e-instrumentos-de-paz-en-la-vida-cotidiana-en-el-angelus-del-19\/\" class=\"more-link\">Continuar leyendo<span class=\"screen-reader-text\"> \u00abEl Papa llam\u00f3 a convertise en art\u00edfices de reconciliaci\u00f3n e instrumentos de paz en la vida cotidiana, en el \u00c1ngelus del 19\u00bb<\/span><\/a><\/p>\n","protected":false},"author":1,"featured_media":0,"comment_status":"open","ping_status":"closed","sticky":false,"template":"","format":"standard","meta":{"footnotes":""},"categories":[1],"tags":[],"class_list":["post-12855","post","type-post","status-publish","format-standard","hentry","category-general"],"_links":{"self":[{"href":"https:\/\/www.biblia.work\/noticias\/wp-json\/wp\/v2\/posts\/12855","targetHints":{"allow":["GET"]}}],"collection":[{"href":"https:\/\/www.biblia.work\/noticias\/wp-json\/wp\/v2\/posts"}],"about":[{"href":"https:\/\/www.biblia.work\/noticias\/wp-json\/wp\/v2\/types\/post"}],"author":[{"embeddable":true,"href":"https:\/\/www.biblia.work\/noticias\/wp-json\/wp\/v2\/users\/1"}],"replies":[{"embeddable":true,"href":"https:\/\/www.biblia.work\/noticias\/wp-json\/wp\/v2\/comments?post=12855"}],"version-history":[{"count":0,"href":"https:\/\/www.biblia.work\/noticias\/wp-json\/wp\/v2\/posts\/12855\/revisions"}],"wp:attachment":[{"href":"https:\/\/www.biblia.work\/noticias\/wp-json\/wp\/v2\/media?parent=12855"}],"wp:term":[{"taxonomy":"category","embeddable":true,"href":"https:\/\/www.biblia.work\/noticias\/wp-json\/wp\/v2\/categories?post=12855"},{"taxonomy":"post_tag","embeddable":true,"href":"https:\/\/www.biblia.work\/noticias\/wp-json\/wp\/v2\/tags?post=12855"}],"curies":[{"name":"wp","href":"https:\/\/api.w.org\/{rel}","templated":true}]}}