{"id":12859,"date":"2017-03-19T08:40:03","date_gmt":"2017-03-19T13:40:03","guid":{"rendered":"http:\/\/www.biblia.work\/noticias\/el-papa-llamo-a-convertirse-en-artifices-de-reconciliacion-e-instrumentos-de-paz-en-la-vida-cotidiana-en-el-angelus-del-19\/"},"modified":"2017-03-19T08:40:03","modified_gmt":"2017-03-19T13:40:03","slug":"el-papa-llamo-a-convertirse-en-artifices-de-reconciliacion-e-instrumentos-de-paz-en-la-vida-cotidiana-en-el-angelus-del-19","status":"publish","type":"post","link":"https:\/\/www.biblia.work\/noticias\/el-papa-llamo-a-convertirse-en-artifices-de-reconciliacion-e-instrumentos-de-paz-en-la-vida-cotidiana-en-el-angelus-del-19\/","title":{"rendered":"El Papa llam\u00f3 a convertirse en art\u00edfices de reconciliaci\u00f3n e instrumentos de paz en la vida cotidiana, en el \u00c1ngelus del 19"},"content":{"rendered":"<p> <img src='http:\/\/media02.radiovaticana.va\/photo\/2017\/03\/18\/REUTERS2037586_Thumbnail.JPG' alt='' align='left' hspace='5'> <\/p>\n<p>(RV).- Despu&eacute;s de rezar la oraci&oacute;n mariana del &Aacute;ngelus, el Santo Padre Francisco mostr&oacute; su cercan&iacute;a a las <strong>v&iacute;ctimas de las inundaciones<\/strong> que est&aacute;n azotando <strong>Per&uacute; <\/strong>en los &uacute;ltimos d&iacute;as, y record&oacute;, con palabras llenas de afecto, a&nbsp;<strong>Josef Mayr-Nusser,<\/strong> m&aacute;rtir que se neg&oacute;&nbsp;a unirse a los nazis por fidelidad al Evangelio y quien fue proclamado<strong> Beato <\/strong>ayer, 18 de marzo de 2017, en la ciudad italiana de Bolzano. Sin olvidarse de la fiesta lit&uacute;rgica de <strong>San Jos&eacute;<\/strong>, Francisco afirm&oacute; que este a&ntilde;o se celebrar&aacute; ma&ntilde;ana.&nbsp;<\/p>\n<p><span><br \/>\n<audio class=\"video-js vjs-default-skin vjs-big-play-button-centered rv-custom-audio\" controls=\"\" id=\"audioItem_9930000\" preload=\"none\"><\/audio><br \/>\n<span class=\"rv-audio-download\"><a href=\"http:\/\/media02.radiovaticana.va\/audio\/audio2\/mp3\/00574381.mp3\" title=\"Download audio\"><img decoding=\"async\" src=\"http:\/\/es.radiovaticana.va\/Modules\/Presentation\/Styles\/images-common\/icons\/download-audio-mp3_off.png\" style=\"height: 30px\" \/><\/a><\/span> <\/span><\/p>\n<p><strong>Texto completo de los saludos del Papa Francisco despu&eacute;s del &Aacute;ngelus:<\/strong><\/p>\n<p>Queridos hermanos y hermanas,<\/p>\n<p>Quiero asegurar mi cercan&iacute;a a la querida poblaci&oacute;n del Per&uacute;, duramente golpeada por devastadoras inundaciones. Rezo por las v&iacute;ctimas y por los que participan en las operaciones de socorro.<\/p>\n<p>Ayer, en Bolzano, fue proclamado Beato Josef Mayr-Nusser, padre de familia y miembro de la Acci&oacute;n Cat&oacute;lica, quien fue martirizado por negarse a unirse a los nazis, por fidelidad al Evangelio. Por su gran estatura moral y espiritual, es un modelo para los fieles laicos, especialmente para los padres, que hoy recordamos con gran afecto, y aunque es la fiesta lit&uacute;rgica de San Jos&eacute;, se celebrar&aacute; ma&ntilde;ana porque hoy es domingo. &iexcl;Atodos los pap&aacute;s salud&eacute;moslos con un gran aplauso!<\/p>\n<p>Dirijo un cordial saludo a todos ustedes, peregrinos de Roma, de Italia y de diversos pa&iacute;ses. Saludo a las comunidades neocatecumenales venidas de Angola y de Lituania, as&iacute; como a los responsables de la comunidad de Sant&rsquo; Egidio de &Aacute;frica y de Am&eacute;rica Latina. Saludo a los fieles italianos de Viterbo, Bolgare, San Benedetto Po, y los estudiantes de Torchiarolo.<\/p>\n<p>A todos les deseo un buen domingo. No se olviden de rezar por m&iacute;. &iexcl;Buen almuerzo! y &iexcl;Hasta la vista!<\/p>\n<p>(Traducci&oacute;n del italiano, Mireia Bonilla &ndash; RV)<\/p>\n<p><a href=\"http:\/\/es.radiovaticana.va\" target=\"_blank\" rel=\"nofollow\">Fuente: es.radiovaticana.va<\/a><\/p>\n","protected":false},"excerpt":{"rendered":"<p>(RV).- Despu&eacute;s de rezar la oraci&oacute;n mariana del &Aacute;ngelus, el Santo Padre Francisco mostr&oacute; su cercan&iacute;a a las v&iacute;ctimas de las inundaciones que est&aacute;n azotando Per&uacute; en los &uacute;ltimos d&iacute;as, y record&oacute;, con palabras llenas de afecto, a&nbsp;Josef Mayr-Nusser, m&aacute;rtir que se neg&oacute;&nbsp;a unirse a los nazis por fidelidad al Evangelio y quien fue proclamado &hellip; <a href=\"https:\/\/www.biblia.work\/noticias\/el-papa-llamo-a-convertirse-en-artifices-de-reconciliacion-e-instrumentos-de-paz-en-la-vida-cotidiana-en-el-angelus-del-19\/\" class=\"more-link\">Continuar leyendo<span class=\"screen-reader-text\"> \u00abEl Papa llam\u00f3 a convertirse en art\u00edfices de reconciliaci\u00f3n e instrumentos de paz en la vida cotidiana, en el \u00c1ngelus del 19\u00bb<\/span><\/a><\/p>\n","protected":false},"author":1,"featured_media":0,"comment_status":"open","ping_status":"closed","sticky":false,"template":"","format":"standard","meta":{"footnotes":""},"categories":[1],"tags":[],"class_list":["post-12859","post","type-post","status-publish","format-standard","hentry","category-general"],"_links":{"self":[{"href":"https:\/\/www.biblia.work\/noticias\/wp-json\/wp\/v2\/posts\/12859","targetHints":{"allow":["GET"]}}],"collection":[{"href":"https:\/\/www.biblia.work\/noticias\/wp-json\/wp\/v2\/posts"}],"about":[{"href":"https:\/\/www.biblia.work\/noticias\/wp-json\/wp\/v2\/types\/post"}],"author":[{"embeddable":true,"href":"https:\/\/www.biblia.work\/noticias\/wp-json\/wp\/v2\/users\/1"}],"replies":[{"embeddable":true,"href":"https:\/\/www.biblia.work\/noticias\/wp-json\/wp\/v2\/comments?post=12859"}],"version-history":[{"count":0,"href":"https:\/\/www.biblia.work\/noticias\/wp-json\/wp\/v2\/posts\/12859\/revisions"}],"wp:attachment":[{"href":"https:\/\/www.biblia.work\/noticias\/wp-json\/wp\/v2\/media?parent=12859"}],"wp:term":[{"taxonomy":"category","embeddable":true,"href":"https:\/\/www.biblia.work\/noticias\/wp-json\/wp\/v2\/categories?post=12859"},{"taxonomy":"post_tag","embeddable":true,"href":"https:\/\/www.biblia.work\/noticias\/wp-json\/wp\/v2\/tags?post=12859"}],"curies":[{"name":"wp","href":"https:\/\/api.w.org\/{rel}","templated":true}]}}