{"id":12867,"date":"2017-03-19T17:05:02","date_gmt":"2017-03-19T22:05:02","guid":{"rendered":"http:\/\/www.biblia.work\/noticias\/sor-lucia-de-fatima-fue-testigo-de-apariciones-de-la-virgen-y-el-nino-jesus-en-espana\/"},"modified":"2017-03-19T17:05:02","modified_gmt":"2017-03-19T22:05:02","slug":"sor-lucia-de-fatima-fue-testigo-de-apariciones-de-la-virgen-y-el-nino-jesus-en-espana","status":"publish","type":"post","link":"https:\/\/www.biblia.work\/noticias\/sor-lucia-de-fatima-fue-testigo-de-apariciones-de-la-virgen-y-el-nino-jesus-en-espana\/","title":{"rendered":"Sor Luc\u00eda de F\u00e1tima fue testigo de apariciones de la Virgen y el Ni\u00f1o Jes\u00fas en Espa\u00f1a"},"content":{"rendered":"<p> MADRID, 19 Mar. 17 (ACI).-<br \/>\n\tEn sus primeros a&ntilde;os de vida religiosa en Espa&ntilde;a, Sor Luc&iacute;a, vidente de F&aacute;tima, fue testigo de nuevas apariciones de la Virgen Mar&iacute;a y el Ni&ntilde;o Jes&uacute;s quienes le pidieron extender la devoci&oacute;n de los cinco primeros s&aacute;bados de mes en reparaci&oacute;n al Inmaculado Coraz&oacute;n de Mar&iacute;a.<\/p>\n<p style=\"text-align: justify\">\n\tTras las apariciones de F&aacute;tima en Portugal, Sor Luc&iacute;a ingres&oacute; al noviciado de la Congregaci&oacute;n de las Hermanas Doroteas en Pontevedra, Espa&ntilde;a. All&iacute; presenci&oacute; varias apariciones de la Virgen y el Ni&ntilde;o, la primera ocurri&oacute; el 10 de diciembre de 1925 en su habitaci&oacute;n.<\/p>\n<p style=\"text-align: justify\">\n\tSeg&uacute;n Emilio Rodr&iacute;guez, delegado diocesano del Apostolado Mundial de F&aacute;tima, la Virgen Mar&iacute;a pidi&oacute; a Sor Luc&iacute;a que &ldquo;extendiera la devoci&oacute;n de los cinco primeros s&aacute;bados de mes&rdquo;.<\/p>\n<p style=\"text-align: justify\">\n\tEsta devoci&oacute;n consiste en que, el primer s&aacute;bado de cada mes durante cinco meses, la persona se confiese, reciba la comuni&oacute;n, rece el rosario y dedique 15 minutos a la oraci&oacute;n para desagraviar el Coraz&oacute;n Inmaculado de Mar&iacute;a.<\/p>\n<p style=\"text-align: justify\">\n\tLa Virgen prometi&oacute; &ldquo;asistir a quien realice la devoci&oacute;n de los cinco primeros s&aacute;bados de mes, en la hora de su muerte, con todas las gracias necesarias para que se salve su alma&rdquo;, explic&oacute; Rodr&iacute;guez a ACI Prensa.<\/p>\n<p style=\"text-align: justify\">\n\tSor Luc&iacute;a cont&oacute; de la aparici&oacute;n a su superiora, su nuevo confesor y tambi&eacute;n a su antiguo confesor en Portugal. Todos le aconsejaron prudencia y esperar a ver si las apariciones se repet&iacute;an.<\/p>\n<p style=\"text-align: justify\">\n\tLa vida de novicia de la vidente de F&aacute;tima sigui&oacute; con normalidad. Sin embargo, desde hac&iacute;a algunos meses Sor Luc&iacute;a se encontraba con frecuencia con un ni&ntilde;o en los alrededores del convento.<\/p>\n<p style=\"text-align: justify\">\n\tElla intentaba ense&ntilde;ar al peque&ntilde;o a rezar el Avemar&iacute;a y le animaba a que fuera a una iglesia cercana para rezar la jaculatoria: &ldquo;Oh Madre m&iacute;a del Cielo, dadme a vuestro Ni&ntilde;o Jes&uacute;s&rdquo;.<\/p>\n<p style=\"text-align: justify\">\n\tEl 15 de febrero de 1926 volvi&oacute; a encontrarse con el peque&ntilde;o y le pregunt&oacute; si hab&iacute;a rezado lo que ella le ense&ntilde;&oacute;, a lo que el ni&ntilde;o le contest&oacute;: &ldquo;&iquest;Y t&uacute; has propagado por el mundo aquello que la Madre del Cielo te ped&iacute;a?&rdquo;. En ese momento la religiosa supo que se trataba del Ni&ntilde;o Jes&uacute;s.<\/p>\n<p style=\"text-align: justify\">\n\tEl Ni&ntilde;o pidi&oacute; a Sor Luc&iacute;a hacer lo que su Madre le hab&iacute;a pedido en su aparici&oacute;n: extender la devoci&oacute;n de los cinco primeros s&aacute;bados de mes porque &ldquo;muchas personas comenzaban esta devoci&oacute;n, pero pocas la terminaban&rdquo;, explica Rodr&iacute;guez.<\/p>\n<p style=\"text-align: justify\">\n\tSor Luc&iacute;a habl&oacute; con su confesor sobre estas apariciones y el sacerdote le hizo algunas preguntas, entre ellas, por qu&eacute; deb&iacute;an ser cinco s&aacute;bados. La religiosa pidi&oacute; una respuesta al Se&ntilde;or que le contest&oacute; en una hora de oraci&oacute;n ante el Sant&iacute;simo Sacramento.<\/p>\n<p style=\"text-align: justify\">\n\tRodr&iacute;guez dijo a ACI Prensa que el Se&ntilde;or le explic&oacute; a Sor Luc&iacute;a que &ldquo;la devoci&oacute;n de los cinco s&aacute;bados se debe a que hay cinco tipos de ofensas y blasfemias contra el Inmaculado Coraz&oacute;n de Mar&iacute;a&rdquo;.<\/p>\n<p style=\"text-align: justify\">\n\tEstas blasfemias son:<\/p>\n<p>\t\tcontra su Inmaculada Concepci&oacute;n,<\/p>\n<p>\t\tcontra su Virginidad perpetua,<\/p>\n<p>\t\tcontra su Divina Maternidad al rechazar reconocerla como Madre de todos los hombres,<\/p>\n<p>\t\tlas ofensas de aquellos que tratan de sembrar p&uacute;blicamente en los corazones de los ni&ntilde;os indiferencia o incluso odio a la Virgen y<\/p>\n<p>\t\tlas ofensas de quienes la ultrajan en sus santas im&aacute;genes.<\/p>\n<p style=\"text-align: justify\">\n\tEn 1929 Sor Luc&iacute;a se traslad&oacute; a la ciudad espa&ntilde;ola de Tuy para seguir su formaci&oacute;n en la Congregaci&oacute;n de las Hermanas Doroteas. All&iacute; tambi&eacute;n vio la Virgen, pero esta vez con su Coraz&oacute;n Inmaculado entre las manos.<\/p>\n<p style=\"text-align: justify\">\n\tEn esa oportunidad, la Virgen record&oacute; de nuevo a la religiosa la importancia de reparar su Inmaculado Coraz&oacute;n a trav&eacute;s de los cinco primeros s&aacute;bados de mes.<\/p>\n<p style=\"text-align: justify\">\n\tEl Convento de las Hermanas Doroteas de Pontevedra actualmente es conocido como la Casa Santuario del Inmaculado Coraz&oacute;n de Mar&iacute;a.<\/p>\n<p style=\"text-align: justify\">\n\tEn 1948 Sor Luc&iacute;a volvi&oacute; a Portugal e ingres&oacute; en el Carmelo de Santa Teresa de Coimbra, como religiosa carmelita, donde muri&oacute; en el a&ntilde;o 2005 a los 97 a&ntilde;os. &nbsp;En el a&ntilde;o 2008, el Cardenal Jos&eacute; Saraiva Martins inici&oacute; su causa de beatificaci&oacute;n.<\/p>\n<p style=\"text-align: justify\">\n\tAprobaci&oacute;n eclesial<\/p>\n<p style=\"text-align: justify\">\n\tEmilio Rodr&iacute;guez, delegado diocesano del Apostolado Mundial de F&aacute;tima, explic&oacute; a ACI Prensa que &ldquo;el Vaticano ha reconocido estas apariciones como parte del mensaje de F&aacute;tima, por ser de la misma vidente&rdquo;.<\/p>\n<p style=\"text-align: justify\">\n\tJavier Aguado, responsable de prensa del Arzobispado de Santiago de Compostela, tambi&eacute;n dijo a ACI Prensa que la Santa Sede reconoce estas apariciones de la Madre de Dios en Pontevedra y Tuy.<\/p>\n<p style=\"text-align: justify\">\n\tUno de los momentos m&aacute;s importantes en el reconocimiento de estas apariciones fue la visita que el entonces Nuncio Apost&oacute;lico en Espa&ntilde;a, Cardenal Manuel Monteiro de Castro, hizo al convento de las Doroteas en el 75 aniversario de las apariciones en el a&ntilde;o 2000.<\/p>\n<p style=\"text-align: justify\">\n\tSeg&uacute;n explic&oacute; Emilio Rodr&iacute;guez, el Nuncio &ldquo;dej&oacute; por escrito su aprobaci&oacute;n. Nos dijo que F&aacute;tima y Pontevedra se complementaban perfectamente porque segu&iacute;a el mismo mensaje de la Virgen de 1916 en Portugal&rdquo;.<\/p>\n<p style=\"text-align: justify\">\n\tEn una placa en el convento se guarda esta bendici&oacute;n papal: &ldquo;Su Santidad el Papa Juan Pablo II saluda con particular afecto al Apostolado Mundial de F&aacute;tima en Espa&ntilde;a y a los participantes de la Semana mariana, organizada con motivo del 75 aniversario de la aparici&oacute;n de la Sant&iacute;sima Virgen a la hermana Luc&iacute;a en el hoy Santuario del Coraz&oacute;n Inmaculado de Mar&iacute;a, en Pontevedra&rdquo;.<\/p>\n<p style=\"text-align: justify\">\n\tTambi&eacute;n te puede interesar:<\/p>\n<p style=\"text-align: justify\">\n\t\tSor Luc&iacute;a: Batalla final entre Cristo y Satan&aacute;s ser&aacute; sobre familia y matrimonio https:\/\/t.co\/cTKhU8a7Kt<\/p>\n<p>\t&mdash; ACI Prensa (@aciprensa) 14 de junio de 2016<\/p>\n","protected":false},"excerpt":{"rendered":"<p>MADRID, 19 Mar. 17 (ACI).- En sus primeros a&ntilde;os de vida religiosa en Espa&ntilde;a, Sor Luc&iacute;a, vidente de F&aacute;tima, fue testigo de nuevas apariciones de la Virgen Mar&iacute;a y el Ni&ntilde;o Jes&uacute;s quienes le pidieron extender la devoci&oacute;n de los cinco primeros s&aacute;bados de mes en reparaci&oacute;n al Inmaculado Coraz&oacute;n de Mar&iacute;a. Tras las apariciones &hellip; <a href=\"https:\/\/www.biblia.work\/noticias\/sor-lucia-de-fatima-fue-testigo-de-apariciones-de-la-virgen-y-el-nino-jesus-en-espana\/\" class=\"more-link\">Continuar leyendo<span class=\"screen-reader-text\"> \u00abSor Luc\u00eda de F\u00e1tima fue testigo de apariciones de la Virgen y el Ni\u00f1o Jes\u00fas en Espa\u00f1a\u00bb<\/span><\/a><\/p>\n","protected":false},"author":1,"featured_media":0,"comment_status":"open","ping_status":"closed","sticky":false,"template":"","format":"standard","meta":{"footnotes":""},"categories":[1],"tags":[],"class_list":["post-12867","post","type-post","status-publish","format-standard","hentry","category-general"],"_links":{"self":[{"href":"https:\/\/www.biblia.work\/noticias\/wp-json\/wp\/v2\/posts\/12867","targetHints":{"allow":["GET"]}}],"collection":[{"href":"https:\/\/www.biblia.work\/noticias\/wp-json\/wp\/v2\/posts"}],"about":[{"href":"https:\/\/www.biblia.work\/noticias\/wp-json\/wp\/v2\/types\/post"}],"author":[{"embeddable":true,"href":"https:\/\/www.biblia.work\/noticias\/wp-json\/wp\/v2\/users\/1"}],"replies":[{"embeddable":true,"href":"https:\/\/www.biblia.work\/noticias\/wp-json\/wp\/v2\/comments?post=12867"}],"version-history":[{"count":0,"href":"https:\/\/www.biblia.work\/noticias\/wp-json\/wp\/v2\/posts\/12867\/revisions"}],"wp:attachment":[{"href":"https:\/\/www.biblia.work\/noticias\/wp-json\/wp\/v2\/media?parent=12867"}],"wp:term":[{"taxonomy":"category","embeddable":true,"href":"https:\/\/www.biblia.work\/noticias\/wp-json\/wp\/v2\/categories?post=12867"},{"taxonomy":"post_tag","embeddable":true,"href":"https:\/\/www.biblia.work\/noticias\/wp-json\/wp\/v2\/tags?post=12867"}],"curies":[{"name":"wp","href":"https:\/\/api.w.org\/{rel}","templated":true}]}}