{"id":12868,"date":"2017-03-19T19:05:02","date_gmt":"2017-03-20T00:05:02","guid":{"rendered":"http:\/\/www.biblia.work\/noticias\/papamovil-que-uso-san-juan-pablo-ii-sera-el-auto-simbolo-de-exposicion-en-argentina\/"},"modified":"2017-03-19T19:05:02","modified_gmt":"2017-03-20T00:05:02","slug":"papamovil-que-uso-san-juan-pablo-ii-sera-el-auto-simbolo-de-exposicion-en-argentina","status":"publish","type":"post","link":"https:\/\/www.biblia.work\/noticias\/papamovil-que-uso-san-juan-pablo-ii-sera-el-auto-simbolo-de-exposicion-en-argentina\/","title":{"rendered":"Papam\u00f3vil que us\u00f3 San Juan Pablo II ser\u00e1 el auto s\u00edmbolo de exposici\u00f3n en Argentina"},"content":{"rendered":"<p> BUENOS AIRES, 19 Mar. 17 (ACI).-<br \/>\n\tEl papam&oacute;vil que utiliz&oacute; San Juan Pablo II en su segunda visita en 1987 al pa&iacute;s sudamericano, ser&aacute; el auto s&iacute;mbolo de la ExpoAuto Argentina 2017 que se desarrollar&aacute; el pr&oacute;ximo 9 de abril en la localidad de Francisco &Aacute;lvarez en Buenos Aires.<\/p>\n<p style=\"text-align: justify\">\n\tLa octava edici&oacute;n busca difundir la historia de la industria automotriz argentina a trav&eacute;s de la exhibici&oacute;n de autom&oacute;viles significativos, charlas y talleres.<\/p>\n<p style=\"text-align: justify\">\n\tEl papam&oacute;vil que se mostrar&aacute;, Chevrolet C10 Silverado, es uno de los dos que us&oacute; San Juan Pablo II cuando estuvo en Argentina entre el 6 y 12 de abril, hace treinta a&ntilde;os.<\/p>\n<p style=\"text-align: justify\">\n\tEn ese entonces, fue invitado por las conferencias episcopales de Chile y Argentina en agradecimiento por la mediaci&oacute;n Papal del Vaticano en el conflicto lim&iacute;trofe por el Canal Beagle.<\/p>\n<p style=\"text-align: justify\">\n\tDurante su viaje, el Santo Padre efectu&oacute; un recorrido que abarc&oacute; diez ciudades: Buenos Aires, Bah&iacute;a Blanca, Viedma, Mendoza, C&oacute;rdoba, Tucum&aacute;n, Salta, Corrientes, Paran&aacute; y Rosario.<\/p>\n<p style=\"text-align: justify\">\n\tEl papam&oacute;vil ser&aacute; exhibido en la ExpoAuto junto a unos 250 veh&iacute;culos, de distintas marcas de autom&oacute;viles producidos en el pa&iacute;s y provenientes de m&aacute;s de 20 clubes, asociaciones y expositores particulares.<\/p>\n<p style=\"text-align: justify\">\n\tEn declaraciones a Efe, Gustavo Folder, uno de los organizadores del evento destac&oacute; la iniciativa ya que la elecci&oacute;n del &#039;Chevrolet papal&#039; se &quot;sale de lo habitual&quot; en el mundo automotriz.<\/p>\n<p style=\"text-align: justify\">\n\tFolder explic&oacute; que el papam&oacute;vil se encuentra en el Museo Udaondo, en Buenos Aires y antes de salir se le realizar&aacute; una limpieza y una revisi&oacute;n para ver c&oacute;mo circula ya que ha estado guardado todo este tiempo.<\/p>\n<p style=\"text-align: justify\">\n\tEl organizador precis&oacute; que ExpoAuto 2017 es un evento laico y que por el momento descartan contactar a representantes del Vaticano o del gobierno argentino.<\/p>\n<p style=\"text-align: justify\">\n\tM&aacute;s informaci&oacute;n del evento: Facebook\/autoargentino<\/p>\n<p style=\"text-align: justify\">\n\tTambi&eacute;n te puede interesar:<\/p>\n<p style=\"text-align: justify\">\n\t&nbsp;<\/p>\n<p style=\"text-align: justify\">\n\t\tRecuerdan a Cardenal que hace 30 a&ntilde;os impuls&oacute; la paz entre Argentina y Chile &#8211; via @aciprensa https:\/\/t.co\/28oOU9cU6W<\/p>\n<p>\t&mdash; EWTN Espa&ntilde;ol (@EWTNespanol) 24 de febrero de 2017<\/p>\n<p style=\"text-align: justify\">\n\t&nbsp;<\/p>\n","protected":false},"excerpt":{"rendered":"<p>BUENOS AIRES, 19 Mar. 17 (ACI).- El papam&oacute;vil que utiliz&oacute; San Juan Pablo II en su segunda visita en 1987 al pa&iacute;s sudamericano, ser&aacute; el auto s&iacute;mbolo de la ExpoAuto Argentina 2017 que se desarrollar&aacute; el pr&oacute;ximo 9 de abril en la localidad de Francisco &Aacute;lvarez en Buenos Aires. La octava edici&oacute;n busca difundir la &hellip; <a href=\"https:\/\/www.biblia.work\/noticias\/papamovil-que-uso-san-juan-pablo-ii-sera-el-auto-simbolo-de-exposicion-en-argentina\/\" class=\"more-link\">Continuar leyendo<span class=\"screen-reader-text\"> \u00abPapam\u00f3vil que us\u00f3 San Juan Pablo II ser\u00e1 el auto s\u00edmbolo de exposici\u00f3n en Argentina\u00bb<\/span><\/a><\/p>\n","protected":false},"author":1,"featured_media":0,"comment_status":"open","ping_status":"closed","sticky":false,"template":"","format":"standard","meta":{"footnotes":""},"categories":[1],"tags":[],"class_list":["post-12868","post","type-post","status-publish","format-standard","hentry","category-general"],"_links":{"self":[{"href":"https:\/\/www.biblia.work\/noticias\/wp-json\/wp\/v2\/posts\/12868","targetHints":{"allow":["GET"]}}],"collection":[{"href":"https:\/\/www.biblia.work\/noticias\/wp-json\/wp\/v2\/posts"}],"about":[{"href":"https:\/\/www.biblia.work\/noticias\/wp-json\/wp\/v2\/types\/post"}],"author":[{"embeddable":true,"href":"https:\/\/www.biblia.work\/noticias\/wp-json\/wp\/v2\/users\/1"}],"replies":[{"embeddable":true,"href":"https:\/\/www.biblia.work\/noticias\/wp-json\/wp\/v2\/comments?post=12868"}],"version-history":[{"count":0,"href":"https:\/\/www.biblia.work\/noticias\/wp-json\/wp\/v2\/posts\/12868\/revisions"}],"wp:attachment":[{"href":"https:\/\/www.biblia.work\/noticias\/wp-json\/wp\/v2\/media?parent=12868"}],"wp:term":[{"taxonomy":"category","embeddable":true,"href":"https:\/\/www.biblia.work\/noticias\/wp-json\/wp\/v2\/categories?post=12868"},{"taxonomy":"post_tag","embeddable":true,"href":"https:\/\/www.biblia.work\/noticias\/wp-json\/wp\/v2\/tags?post=12868"}],"curies":[{"name":"wp","href":"https:\/\/api.w.org\/{rel}","templated":true}]}}